{"id":4334,"date":"2023-10-20T15:13:51","date_gmt":"2023-10-20T13:13:51","guid":{"rendered":"https:\/\/venezia.webdiocesi.it\/Evangelizzazione-e-Catechesi\/?p=4334"},"modified":"2023-10-20T15:28:12","modified_gmt":"2023-10-20T13:28:12","slug":"riprende-il-corso-educare-allaffettivita-alla-sessualita-e-allamore","status":"publish","type":"post","link":"https:\/\/www.patriarcatovenezia.it\/evangelizzazione-e-catechesi\/2023\/10\/20\/riprende-il-corso-educare-allaffettivita-alla-sessualita-e-allamore\/","title":{"rendered":"Riprende il corso: EDUCARE ALL&#8217;AFFETTIVIT\u00c0, ALLA SESSUALIT\u00c0 e ALL&#8217;AMORE"},"content":{"rendered":"<p>Il 16 novembre ricomincia il corso di formazione per genitori, educatori, catechisti e insegnanti, promosso dal nostro ufficio diocesano di pastorale familiare, dall\u2019associazione Gremio di Bioetica, dall\u2019Associazione Centro S. Maria Mater Domini e altri collaboratori qualificati.<\/p>\n<p>Si tratta di un percorso base di educazione affettivo-sessuale sugli aspetti medici, emotivi, intellettuali, sociali e spirituali per dialogare con le nuove generazioni e accompagnare i bambini e i ragazzi a riconoscere la bellezza e l\u2019armonia del proprio corpo, fatto per amare, comunicare e relazionarsi.<\/p>\n<p><strong>gioved\u00ec 16, 23, 30 novembre 2023\u00a0 \u00a0\u00a0<\/strong><br \/>\n<strong>gioved\u00ec 18, 25 gennaio e 1 febbraio 2024<\/strong><\/p>\n<p><strong>ore 20:30<\/strong><\/p>\n<p><strong>Patronato della parrocchia di S. Maria Goretti<\/strong> \u2013 Mestre (su richiesta possibile collegamento online)<\/p>\n<p>Temi dei primi incontri:<\/p>\n<ul>\n<li><span style=\"color: #ff0000\"><strong>16\/11 \u2014 Sessualit\u00e0 ieri e oggi: prospettive educative<\/strong><\/span><br \/>\n<em>Che cos\u2019\u00e8 la sessualit\u00e0? Com\u2019\u00e8 cambiato il senso che viene dato alla sessualit\u00e0 e come la vivono i giovani oggi? Quale valore antropologico ha la sessualit\u00e0?<\/em><\/li>\n<li><span style=\"color: #ff0000\"><strong>23\/11 \u2014 Bambini e sessualit\u00e0: come parlarne, i valori, le emozioni<\/strong><\/span><br \/>\n<em>Cos\u00ec come ci occupiamo della salute e dell\u2019aspetto cognitivo di un bambino, allo stesso modo dovremmo occuparci anche della sua crescita nel campo affettivo e sessuale. Alcuni suggerimenti<\/em><\/li>\n<li><span style=\"color: #ff0000\"><strong>30\/11 \u2014 Adolescenti e sessualit\u00e0: scelte e relazioni<\/strong><\/span><br \/>\n<em>Il vero valore della sessualit\u00e0 aiuta i giovani e i ragazzi a fare scelte pi\u00f9 consapevoli e ad avere una vita relazionale migliore<\/em><\/li>\n<\/ul>\n<p><em><strong>Info e adesioni\u00a0<\/strong><\/em>entro venerd\u00ec 10\/11\/2023 scrivendo a: <strong>sposiefamiglia@patriarcatovenezia.it\u00a0<\/strong><\/p>\n","protected":false},"excerpt":{"rendered":"<p>Il 16 novembre ricomincia il corso di formazione per genitori, educatori, catechisti e insegnanti, promosso dal nostro ufficio diocesano di pastorale familiare, dall\u2019associazione Gremio di Bioetica, dall\u2019Associazione Centro S. Maria Mater Domini e altri collaboratori qualificati. Si tratta di un percorso base di educazione affettivo-sessuale sugli aspetti medici, emotivi, intellettuali, sociali e spirituali per dialogare [&hellip;]<\/p>\n","protected":false},"author":0,"featured_media":4335,"comment_status":"closed","ping_status":"closed","sticky":false,"template":"","format":"standard","meta":{"_acf_changed":false,"ip_address":"","user_agent":"","level":"","revision":"","cookie_id":"","page_referer":"","html_form":"","footnotes":""},"categories":[1,86],"tags":[],"class_list":["post-4334","post","type-post","status-publish","format-standard","has-post-thumbnail","hentry","category-attivita","category-notizie"],"acf":[],"_links":{"self":[{"href":"https:\/\/www.patriarcatovenezia.it\/evangelizzazione-e-catechesi\/wp-json\/wp\/v2\/posts\/4334"}],"collection":[{"href":"https:\/\/www.patriarcatovenezia.it\/evangelizzazione-e-catechesi\/wp-json\/wp\/v2\/posts"}],"about":[{"href":"https:\/\/www.patriarcatovenezia.it\/evangelizzazione-e-catechesi\/wp-json\/wp\/v2\/types\/post"}],"author":[{"embeddable":true,"href":"https:\/\/www.patriarcatovenezia.it\/evangelizzazione-e-catechesi\/wp-json\/wp\/v2\/users\/9"}],"replies":[{"embeddable":true,"href":"https:\/\/www.patriarcatovenezia.it\/evangelizzazione-e-catechesi\/wp-json\/wp\/v2\/comments?post=4334"}],"version-history":[{"count":5,"href":"https:\/\/www.patriarcatovenezia.it\/evangelizzazione-e-catechesi\/wp-json\/wp\/v2\/posts\/4334\/revisions"}],"predecessor-version":[{"id":4341,"href":"https:\/\/www.patriarcatovenezia.it\/evangelizzazione-e-catechesi\/wp-json\/wp\/v2\/posts\/4334\/revisions\/4341"}],"wp:featuredmedia":[{"embeddable":true,"href":"https:\/\/www.patriarcatovenezia.it\/evangelizzazione-e-catechesi\/wp-json\/wp\/v2\/media\/4335"}],"wp:attachment":[{"href":"https:\/\/www.patriarcatovenezia.it\/evangelizzazione-e-catechesi\/wp-json\/wp\/v2\/media?parent=4334"}],"wp:term":[{"taxonomy":"category","embeddable":true,"href":"https:\/\/www.patriarcatovenezia.it\/evangelizzazione-e-catechesi\/wp-json\/wp\/v2\/categories?post=4334"},{"taxonomy":"post_tag","embeddable":true,"href":"https:\/\/www.patriarcatovenezia.it\/evangelizzazione-e-catechesi\/wp-json\/wp\/v2\/tags?post=4334"}],"curies":[{"name":"wp","href":"https:\/\/api.w.org\/{rel}","templated":true}]}}