{"id":4204,"date":"2023-04-04T17:14:58","date_gmt":"2023-04-04T15:14:58","guid":{"rendered":"https:\/\/venezia.webdiocesi.it\/Evangelizzazione-e-Catechesi\/?p=4204"},"modified":"2023-04-04T16:43:21","modified_gmt":"2023-04-04T14:43:21","slug":"la-madonna-di-fatima-pellegrina-a-venezia","status":"publish","type":"post","link":"https:\/\/www.patriarcatovenezia.it\/evangelizzazione-e-catechesi\/2023\/04\/04\/la-madonna-di-fatima-pellegrina-a-venezia\/","title":{"rendered":"I CATECHISTI e la Madonna di Fatima, pellegrina a Venezia"},"content":{"rendered":"<p>Nella parrocchia di San Salvador a Venezia, dal 28 aprile all&#8217;8 maggio, sar\u00e0 ospitata la statua della Madonna di Fatima. La\u00a0Comunit\u00e0 Marciana che organizza e accoglie l&#8217;effige della Madonna ci ricorda come il suo essere <em>&#8220;in mezzo a noi possa divenire occasione di conversione e di santificazione per tutto il popolo di Dio&#8221;.<\/em><br \/>\nMoltissime le occasioni durante la settimana di raccogliersi in preghiera con il Santo Rosario e celebrare l&#8217;Eucarestia. Nel depliant allegato a fondo pagina ciascuno pu\u00f2 trovare lo spazio adeguato per cogliere l&#8217;invito e consegnare a Maria tutto ci\u00f2 che ha nel cuore perch\u00e9 interceda per noi presso Dio.<\/p>\n<p>Come <strong>CATECHISTI della diocesi<\/strong> l&#8217;appuntamento \u00e8 per <strong>SABATO 6 MAGGIO, alle ore 17.30<\/strong>, nella chiesa di San Salvador (vicino a Rialto) dove <strong>celebreremo assieme la Santa Messa<\/strong> e avremo modo di affidare alla Madonna tutti i bambini e i ragazzi delle nostre parrocchie che, nel Tempo di Pasqua, riceveranno i sacramenti dell&#8217;iniziazione cristiana.<\/p>\n<p>&nbsp;<\/p>\n<p>&nbsp;<\/p>\n","protected":false},"excerpt":{"rendered":"<p>Nella parrocchia di San Salvador a Venezia, dal 28 aprile all&#8217;8 maggio, sar\u00e0 ospitata la statua della Madonna di Fatima. La\u00a0Comunit\u00e0 Marciana che organizza e accoglie l&#8217;effige della Madonna ci ricorda come il suo essere &#8220;in mezzo a noi possa divenire occasione di conversione e di santificazione per tutto il popolo di Dio&#8221;. Moltissime le [&hellip;]<\/p>\n","protected":false},"author":0,"featured_media":4208,"comment_status":"closed","ping_status":"closed","sticky":false,"template":"","format":"standard","meta":{"_acf_changed":false,"ip_address":"","user_agent":"","level":"","revision":"","cookie_id":"","page_referer":"","html_form":"","footnotes":""},"categories":[1,86],"tags":[],"class_list":["post-4204","post","type-post","status-publish","format-standard","has-post-thumbnail","hentry","category-attivita","category-notizie"],"acf":[],"_links":{"self":[{"href":"https:\/\/www.patriarcatovenezia.it\/evangelizzazione-e-catechesi\/wp-json\/wp\/v2\/posts\/4204"}],"collection":[{"href":"https:\/\/www.patriarcatovenezia.it\/evangelizzazione-e-catechesi\/wp-json\/wp\/v2\/posts"}],"about":[{"href":"https:\/\/www.patriarcatovenezia.it\/evangelizzazione-e-catechesi\/wp-json\/wp\/v2\/types\/post"}],"author":[{"embeddable":true,"href":"https:\/\/www.patriarcatovenezia.it\/evangelizzazione-e-catechesi\/wp-json\/wp\/v2\/users\/9"}],"replies":[{"embeddable":true,"href":"https:\/\/www.patriarcatovenezia.it\/evangelizzazione-e-catechesi\/wp-json\/wp\/v2\/comments?post=4204"}],"version-history":[{"count":3,"href":"https:\/\/www.patriarcatovenezia.it\/evangelizzazione-e-catechesi\/wp-json\/wp\/v2\/posts\/4204\/revisions"}],"predecessor-version":[{"id":4210,"href":"https:\/\/www.patriarcatovenezia.it\/evangelizzazione-e-catechesi\/wp-json\/wp\/v2\/posts\/4204\/revisions\/4210"}],"wp:featuredmedia":[{"embeddable":true,"href":"https:\/\/www.patriarcatovenezia.it\/evangelizzazione-e-catechesi\/wp-json\/wp\/v2\/media\/4208"}],"wp:attachment":[{"href":"https:\/\/www.patriarcatovenezia.it\/evangelizzazione-e-catechesi\/wp-json\/wp\/v2\/media?parent=4204"}],"wp:term":[{"taxonomy":"category","embeddable":true,"href":"https:\/\/www.patriarcatovenezia.it\/evangelizzazione-e-catechesi\/wp-json\/wp\/v2\/categories?post=4204"},{"taxonomy":"post_tag","embeddable":true,"href":"https:\/\/www.patriarcatovenezia.it\/evangelizzazione-e-catechesi\/wp-json\/wp\/v2\/tags?post=4204"}],"curies":[{"name":"wp","href":"https:\/\/api.w.org\/{rel}","templated":true}]}}