{"id":4118,"date":"2022-11-29T15:48:04","date_gmt":"2022-11-29T14:48:04","guid":{"rendered":"https:\/\/venezia.webdiocesi.it\/Evangelizzazione-e-Catechesi\/?p=4118"},"modified":"2022-11-29T15:59:29","modified_gmt":"2022-11-29T14:59:29","slug":"s-o-s-adolescenti-il-nuovo-ciclo-di-5-incontri","status":"publish","type":"post","link":"https:\/\/www.patriarcatovenezia.it\/evangelizzazione-e-catechesi\/2022\/11\/29\/s-o-s-adolescenti-il-nuovo-ciclo-di-5-incontri\/","title":{"rendered":"S.O.S. ADOLESCENTI &#8211; il nuovo ciclo di 5 incontri"},"content":{"rendered":"<p>Anche per quest&#8217;anno prosegue la proposta formativa offerta a giovani, educatori, genitori, catechisti, insegnanti&#8230; che lavorano con gli adolescenti, attraverso un ciclo di 5 incontri per affrontare tematiche molto attuali.<br \/>\nAiutati da esperti di vario tipo si prova ad entrare nel mondo in cui vivono (nel bene e nel male) i nostri ragazzi.<\/p>\n<p><strong>La finalit\u00e0 di S.O.S. ADOLESCENTI, oltre che approfondire pi\u00f9 specificatamente i fenomeni e le problematicit\u00e0, \u00e8 quella di\u00a0aiutare gli adolescenti a scoprire e a non perdere il loro valore e la loro bellezza!<\/strong><\/p>\n<p>La pastorale familiare, in collaborazione con\u00a0il Gremio di Bioetica, la pastorale giovanile, l&#8217;Ufficio evangelizzazione e catechesi, la Scuola di Teologia, promuove questa attenzione ad un&#8217;et\u00e0 delicata in cui le relazioni, la sfera degli affetti, la stima di s\u00e9 e la formazione della propria personalit\u00e0 chiedono al mondo adulto una presenza e una testimonianza credibile. Pericoli da conoscere, dunque, ma anche ricerca per una cura educativa di cui gli adolescenti di oggi sono particolarmente &#8220;affamati&#8221;.<\/p>\n<p>Gli incontri si possono seguire in presenza o su piattaforma zoom, seguendo le istruzioni contenute nella locandina allegata.<\/p>\n","protected":false},"excerpt":{"rendered":"<p>Anche per quest&#8217;anno prosegue la proposta formativa offerta a giovani, educatori, genitori, catechisti, insegnanti&#8230; che lavorano con gli adolescenti, attraverso un ciclo di 5 incontri per affrontare tematiche molto attuali. Aiutati da esperti di vario tipo si prova ad entrare nel mondo in cui vivono (nel bene e nel male) i nostri ragazzi. La finalit\u00e0 [&hellip;]<\/p>\n","protected":false},"author":0,"featured_media":4127,"comment_status":"closed","ping_status":"closed","sticky":false,"template":"","format":"standard","meta":{"_acf_changed":false,"ip_address":"","user_agent":"","level":"","revision":"","cookie_id":"","page_referer":"","html_form":"","footnotes":""},"categories":[1,88,86],"tags":[],"class_list":["post-4118","post","type-post","status-publish","format-standard","has-post-thumbnail","hentry","category-attivita","category-in-evidenza","category-notizie"],"acf":[],"_links":{"self":[{"href":"https:\/\/www.patriarcatovenezia.it\/evangelizzazione-e-catechesi\/wp-json\/wp\/v2\/posts\/4118"}],"collection":[{"href":"https:\/\/www.patriarcatovenezia.it\/evangelizzazione-e-catechesi\/wp-json\/wp\/v2\/posts"}],"about":[{"href":"https:\/\/www.patriarcatovenezia.it\/evangelizzazione-e-catechesi\/wp-json\/wp\/v2\/types\/post"}],"author":[{"embeddable":true,"href":"https:\/\/www.patriarcatovenezia.it\/evangelizzazione-e-catechesi\/wp-json\/wp\/v2\/users\/9"}],"replies":[{"embeddable":true,"href":"https:\/\/www.patriarcatovenezia.it\/evangelizzazione-e-catechesi\/wp-json\/wp\/v2\/comments?post=4118"}],"version-history":[{"count":6,"href":"https:\/\/www.patriarcatovenezia.it\/evangelizzazione-e-catechesi\/wp-json\/wp\/v2\/posts\/4118\/revisions"}],"predecessor-version":[{"id":4130,"href":"https:\/\/www.patriarcatovenezia.it\/evangelizzazione-e-catechesi\/wp-json\/wp\/v2\/posts\/4118\/revisions\/4130"}],"wp:featuredmedia":[{"embeddable":true,"href":"https:\/\/www.patriarcatovenezia.it\/evangelizzazione-e-catechesi\/wp-json\/wp\/v2\/media\/4127"}],"wp:attachment":[{"href":"https:\/\/www.patriarcatovenezia.it\/evangelizzazione-e-catechesi\/wp-json\/wp\/v2\/media?parent=4118"}],"wp:term":[{"taxonomy":"category","embeddable":true,"href":"https:\/\/www.patriarcatovenezia.it\/evangelizzazione-e-catechesi\/wp-json\/wp\/v2\/categories?post=4118"},{"taxonomy":"post_tag","embeddable":true,"href":"https:\/\/www.patriarcatovenezia.it\/evangelizzazione-e-catechesi\/wp-json\/wp\/v2\/tags?post=4118"}],"curies":[{"name":"wp","href":"https:\/\/api.w.org\/{rel}","templated":true}]}}