{"id":4021,"date":"2022-09-30T13:23:00","date_gmt":"2022-09-30T11:23:00","guid":{"rendered":"https:\/\/venezia.webdiocesi.it\/Evangelizzazione-e-Catechesi\/?p=4021"},"modified":"2022-09-30T13:24:19","modified_gmt":"2022-09-30T11:24:19","slug":"percorso-formativo-in-collaborazione-con-la-scuola-diocesana-di-musica-sacra-per-la-liturgia","status":"publish","type":"post","link":"https:\/\/www.patriarcatovenezia.it\/evangelizzazione-e-catechesi\/2022\/09\/30\/percorso-formativo-in-collaborazione-con-la-scuola-diocesana-di-musica-sacra-per-la-liturgia\/","title":{"rendered":"Percorso formativo in collaborazione con la Scuola diocesana di Musica Sacra per la Liturgia"},"content":{"rendered":"<p>La Scuola Diocesana di Musica Sacra per la Liturgia e l&#8217;Ufficio Catechistico il prossimo 9 ottobre presenteranno un percorso formativo sulla\u00a0conoscenza del linguaggio dei segni (LIS),\u00a0aperto a tutti gli educatori interessati.<\/p>\n<div id=\"v1forwardbody1\">\n<div>\n<div id=\"v1v1forwardbody1\">\n<div>\n<div id=\"v1v1v1forwardbody1\">\n<div>\n<div id=\"v1v1v1v1forwardbody1\">\n<div>\n<div id=\"v1v1v1v1v1forwardbody1\">\n<div>\n<div id=\"v1v1v1v1v1v1forwardbody1\">\n<div>\n<div id=\"v1v1v1v1v1v1v1forwardbody1\">\n<div>\n<div id=\"v1v1v1v1v1v1v1v1forwardbody1\">\n<div>\n<p>In esso ci si propone di insegnare le preghiere cristiane principali in LIS e qualche risposta alla celebrazione eucaristica, al fine di accompagnare persone non udenti, di qualsiasi et\u00e0, gi\u00e0 presenti nei nostri gruppi parrocchiali o che potrebbero un giorno farne parte. Tale percorso avr\u00e0 inizio con il Concerto di\u00a0<strong>domenica 9 ottobre\u00a0<\/strong>che si terr\u00e0 alle<strong>\u00a0ore 15.30<\/strong>\u00a0nella\u00a0<strong>chiesa di San Lio<\/strong>\u00a0a Venezia (<em>vedi locandina in allegato<\/em>), con la presenza di una responsabile dell&#8217;associazione LISABILITA&#8217; al fine di spiegare la proposta pi\u00f9 nel dettaglio.<\/p>\n<p>Il\u00a0<strong>Coro MANI BIANCHE di Belluno<\/strong>,\u00a0che utilizza il doppio canale comunicativo: voce e Lingua dei segni (LIS),\u00a0si esibir\u00e0 in questa occasione ed \u00e8 composto da bambini e ragazzi, per cui si pu\u00f2 allargare l&#8217;invito anche alle famiglie dei vostri gruppi. L&#8217;ingresso \u00e8 gratuito.<\/p>\n<p>&nbsp;<\/p>\n<\/div>\n<\/div>\n<\/div>\n<\/div>\n<\/div>\n<\/div>\n<\/div>\n<\/div>\n<\/div>\n<\/div>\n<\/div>\n<\/div>\n<\/div>\n<\/div>\n<\/div>\n<\/div>\n","protected":false},"excerpt":{"rendered":"<p>La Scuola Diocesana di Musica Sacra per la Liturgia e l&#8217;Ufficio Catechistico il prossimo 9 ottobre presenteranno un percorso formativo sulla\u00a0conoscenza del linguaggio dei segni (LIS),\u00a0aperto a tutti gli educatori interessati. In esso ci si propone di insegnare le preghiere cristiane principali in LIS e qualche risposta alla celebrazione eucaristica, al fine di accompagnare persone [&hellip;]<\/p>\n","protected":false},"author":0,"featured_media":4023,"comment_status":"closed","ping_status":"closed","sticky":false,"template":"","format":"standard","meta":{"_acf_changed":false,"ip_address":"","user_agent":"","level":"","revision":"","cookie_id":"","page_referer":"","html_form":"","footnotes":""},"categories":[1,88,86],"tags":[],"class_list":["post-4021","post","type-post","status-publish","format-standard","has-post-thumbnail","hentry","category-attivita","category-in-evidenza","category-notizie"],"acf":[],"_links":{"self":[{"href":"https:\/\/www.patriarcatovenezia.it\/evangelizzazione-e-catechesi\/wp-json\/wp\/v2\/posts\/4021"}],"collection":[{"href":"https:\/\/www.patriarcatovenezia.it\/evangelizzazione-e-catechesi\/wp-json\/wp\/v2\/posts"}],"about":[{"href":"https:\/\/www.patriarcatovenezia.it\/evangelizzazione-e-catechesi\/wp-json\/wp\/v2\/types\/post"}],"author":[{"embeddable":true,"href":"https:\/\/www.patriarcatovenezia.it\/evangelizzazione-e-catechesi\/wp-json\/wp\/v2\/users\/9"}],"replies":[{"embeddable":true,"href":"https:\/\/www.patriarcatovenezia.it\/evangelizzazione-e-catechesi\/wp-json\/wp\/v2\/comments?post=4021"}],"version-history":[{"count":4,"href":"https:\/\/www.patriarcatovenezia.it\/evangelizzazione-e-catechesi\/wp-json\/wp\/v2\/posts\/4021\/revisions"}],"predecessor-version":[{"id":4027,"href":"https:\/\/www.patriarcatovenezia.it\/evangelizzazione-e-catechesi\/wp-json\/wp\/v2\/posts\/4021\/revisions\/4027"}],"wp:featuredmedia":[{"embeddable":true,"href":"https:\/\/www.patriarcatovenezia.it\/evangelizzazione-e-catechesi\/wp-json\/wp\/v2\/media\/4023"}],"wp:attachment":[{"href":"https:\/\/www.patriarcatovenezia.it\/evangelizzazione-e-catechesi\/wp-json\/wp\/v2\/media?parent=4021"}],"wp:term":[{"taxonomy":"category","embeddable":true,"href":"https:\/\/www.patriarcatovenezia.it\/evangelizzazione-e-catechesi\/wp-json\/wp\/v2\/categories?post=4021"},{"taxonomy":"post_tag","embeddable":true,"href":"https:\/\/www.patriarcatovenezia.it\/evangelizzazione-e-catechesi\/wp-json\/wp\/v2\/tags?post=4021"}],"curies":[{"name":"wp","href":"https:\/\/api.w.org\/{rel}","templated":true}]}}