{"id":3249,"date":"2020-06-06T18:15:23","date_gmt":"2020-06-06T16:15:23","guid":{"rendered":"https:\/\/venezia.webdiocesi.it\/Evangelizzazione-e-Catechesi\/?p=3249"},"modified":"2020-06-06T18:16:22","modified_gmt":"2020-06-06T16:16:22","slug":"si-riparte-la-nuova-formazione-animatori-gda-sul-vangelo-di-matteo-vol-2","status":"publish","type":"post","link":"https:\/\/www.patriarcatovenezia.it\/evangelizzazione-e-catechesi\/2020\/06\/06\/si-riparte-la-nuova-formazione-animatori-gda-sul-vangelo-di-matteo-vol-2\/","title":{"rendered":"SI RIPARTE! La NUOVA FORMAZIONE Animatori Gda sul Vangelo di Matteo &#8211; vol.2"},"content":{"rendered":"<p>Come preannunciato a tutti gli Animatori dei Gruppi di Ascolto della Diocesi, da luned\u00ec 8 giugno saranno disponibili i materiali per la formazione sul <strong>volume 2 del Vangelo secondo Matteo<\/strong>.<br \/>\nI nostri formatori si sono infatti resi disponibili a realizzare strumenti vari per ogni zona, ma anche accessibili tramite il sito a tutti.<br \/>\n<strong>Luned\u00ec 15 giugno<\/strong> verranno integrati con altri interventi. L&#8217;invito \u00e8 quello di far conoscere a tutti gli interessati questo materiale, condividerlo e far arrivare i formati pi\u00f9 semplici anche a chi non \u00e8 un navigatore esperto. Buona ripartenza!<\/p>\n<p><a href=\"https:\/\/venezia.webdiocesi.it\/Evangelizzazione-e-Catechesi\/settori\/gruppi-di-ascolto-della-parola-di-dio\/formazione-permanente-degli-animatori-gda\/formazione-animatori-gda-giugno-2020\/\"><strong>ACCEDI ALLA PAGINA\u00a0 dei MATERIALI FORMATIVI<\/strong><\/a><\/p>\n","protected":false},"excerpt":{"rendered":"<p>Come preannunciato a tutti gli Animatori dei Gruppi di Ascolto della Diocesi, da luned\u00ec 8 giugno saranno disponibili i materiali per la formazione sul volume 2 del Vangelo secondo Matteo. I nostri formatori si sono infatti resi disponibili a realizzare strumenti vari per ogni zona, ma anche accessibili tramite il sito a tutti. Luned\u00ec 15 [&hellip;]<\/p>\n","protected":false},"author":0,"featured_media":3250,"comment_status":"closed","ping_status":"closed","sticky":false,"template":"","format":"standard","meta":{"_acf_changed":false,"ip_address":"","user_agent":"","level":"","revision":"","cookie_id":"","page_referer":"","html_form":"","footnotes":""},"categories":[96,86],"tags":[],"class_list":["post-3249","post","type-post","status-publish","format-standard","has-post-thumbnail","hentry","category-gda","category-notizie"],"acf":[],"_links":{"self":[{"href":"https:\/\/www.patriarcatovenezia.it\/evangelizzazione-e-catechesi\/wp-json\/wp\/v2\/posts\/3249"}],"collection":[{"href":"https:\/\/www.patriarcatovenezia.it\/evangelizzazione-e-catechesi\/wp-json\/wp\/v2\/posts"}],"about":[{"href":"https:\/\/www.patriarcatovenezia.it\/evangelizzazione-e-catechesi\/wp-json\/wp\/v2\/types\/post"}],"author":[{"embeddable":true,"href":"https:\/\/www.patriarcatovenezia.it\/evangelizzazione-e-catechesi\/wp-json\/wp\/v2\/users\/9"}],"replies":[{"embeddable":true,"href":"https:\/\/www.patriarcatovenezia.it\/evangelizzazione-e-catechesi\/wp-json\/wp\/v2\/comments?post=3249"}],"version-history":[{"count":3,"href":"https:\/\/www.patriarcatovenezia.it\/evangelizzazione-e-catechesi\/wp-json\/wp\/v2\/posts\/3249\/revisions"}],"predecessor-version":[{"id":3253,"href":"https:\/\/www.patriarcatovenezia.it\/evangelizzazione-e-catechesi\/wp-json\/wp\/v2\/posts\/3249\/revisions\/3253"}],"wp:featuredmedia":[{"embeddable":true,"href":"https:\/\/www.patriarcatovenezia.it\/evangelizzazione-e-catechesi\/wp-json\/wp\/v2\/media\/3250"}],"wp:attachment":[{"href":"https:\/\/www.patriarcatovenezia.it\/evangelizzazione-e-catechesi\/wp-json\/wp\/v2\/media?parent=3249"}],"wp:term":[{"taxonomy":"category","embeddable":true,"href":"https:\/\/www.patriarcatovenezia.it\/evangelizzazione-e-catechesi\/wp-json\/wp\/v2\/categories?post=3249"},{"taxonomy":"post_tag","embeddable":true,"href":"https:\/\/www.patriarcatovenezia.it\/evangelizzazione-e-catechesi\/wp-json\/wp\/v2\/tags?post=3249"}],"curies":[{"name":"wp","href":"https:\/\/api.w.org\/{rel}","templated":true}]}}