{"id":2372,"date":"2018-01-30T14:16:52","date_gmt":"2018-01-30T13:16:52","guid":{"rendered":"https:\/\/venezia.webdiocesi.it\/Evangelizzazione-e-Catechesi\/?p=2372"},"modified":"2018-01-30T14:23:23","modified_gmt":"2018-01-30T13:23:23","slug":"variazione-di-alcune-date-diocesani-dei-gda","status":"publish","type":"post","link":"https:\/\/www.patriarcatovenezia.it\/evangelizzazione-e-catechesi\/2018\/01\/30\/variazione-di-alcune-date-diocesani-dei-gda\/","title":{"rendered":"PRENDI NOTA: variazione di alcune date diocesane dei GdA"},"content":{"rendered":"<p><a href=\"https:\/\/venezia.webdiocesi.it\/Evangelizzazione-e-Catechesi\/settori\/gruppi-di-ascolto-della-parola-di-dio\/assemblea-diocesana-animatori-e-partecipanti-gda\/\"><strong>L&#8217;ASSEMBLEA di tutti i partecipanti ai GdA con il Patriarca<\/strong><\/a> \u00e8 stata spostata dal 17 febbraio a <strong>sabato<\/strong>\u00a0<strong>12 maggio 2018<\/strong>, giorno in cui ricorderemo anche il Patriarca Marco C\u00e8 in una Messa di suffragio (Basilica di San Marco ore 18.45). Il luogo per questo appuntamento pomeridiano non \u00e8 stato ancora definito, ma si svolger\u00e0 sicuramente a Venezia, in centro storico.<\/p>\n<p>Mentre il <a href=\"https:\/\/venezia.webdiocesi.it\/Evangelizzazione-e-Catechesi\/settori\/gruppi-di-ascolto-della-parola-di-dio\/convegno-diocesano-degli-animatori-gda\/\"><strong>CONVEGNO degli Animatori<\/strong><\/a>, previsto inizialmente a maggio, \u00e8 stato A<strong>NTICIPATO A SABATO 24 FEBBRAIO<\/strong>. Anche questo appuntamento si svolger\u00e0 nel pomeriggio e vi daremo informazioni dettagliate, appena possibile, sul luogo e sul programma. Intanto segnate questa variazione subito nella vostra agenda!<\/p>\n","protected":false},"excerpt":{"rendered":"<p>L&#8217;ASSEMBLEA di tutti i partecipanti ai GdA con il Patriarca \u00e8 stata spostata dal 17 febbraio a sabato\u00a012 maggio 2018, giorno in cui ricorderemo anche il Patriarca Marco C\u00e8 in una Messa di suffragio (Basilica di San Marco ore 18.45). Il luogo per questo appuntamento pomeridiano non \u00e8 stato ancora definito, ma si svolger\u00e0 sicuramente [&hellip;]<\/p>\n","protected":false},"author":0,"featured_media":2377,"comment_status":"closed","ping_status":"closed","sticky":false,"template":"","format":"standard","meta":{"_acf_changed":false,"ip_address":"","user_agent":"","level":"","revision":"","cookie_id":"","page_referer":"","html_form":"","footnotes":""},"categories":[96,86],"tags":[],"class_list":["post-2372","post","type-post","status-publish","format-standard","has-post-thumbnail","hentry","category-gda","category-notizie"],"acf":[],"_links":{"self":[{"href":"https:\/\/www.patriarcatovenezia.it\/evangelizzazione-e-catechesi\/wp-json\/wp\/v2\/posts\/2372"}],"collection":[{"href":"https:\/\/www.patriarcatovenezia.it\/evangelizzazione-e-catechesi\/wp-json\/wp\/v2\/posts"}],"about":[{"href":"https:\/\/www.patriarcatovenezia.it\/evangelizzazione-e-catechesi\/wp-json\/wp\/v2\/types\/post"}],"author":[{"embeddable":true,"href":"https:\/\/www.patriarcatovenezia.it\/evangelizzazione-e-catechesi\/wp-json\/wp\/v2\/users\/9"}],"replies":[{"embeddable":true,"href":"https:\/\/www.patriarcatovenezia.it\/evangelizzazione-e-catechesi\/wp-json\/wp\/v2\/comments?post=2372"}],"version-history":[{"count":5,"href":"https:\/\/www.patriarcatovenezia.it\/evangelizzazione-e-catechesi\/wp-json\/wp\/v2\/posts\/2372\/revisions"}],"predecessor-version":[{"id":2379,"href":"https:\/\/www.patriarcatovenezia.it\/evangelizzazione-e-catechesi\/wp-json\/wp\/v2\/posts\/2372\/revisions\/2379"}],"wp:featuredmedia":[{"embeddable":true,"href":"https:\/\/www.patriarcatovenezia.it\/evangelizzazione-e-catechesi\/wp-json\/wp\/v2\/media\/2377"}],"wp:attachment":[{"href":"https:\/\/www.patriarcatovenezia.it\/evangelizzazione-e-catechesi\/wp-json\/wp\/v2\/media?parent=2372"}],"wp:term":[{"taxonomy":"category","embeddable":true,"href":"https:\/\/www.patriarcatovenezia.it\/evangelizzazione-e-catechesi\/wp-json\/wp\/v2\/categories?post=2372"},{"taxonomy":"post_tag","embeddable":true,"href":"https:\/\/www.patriarcatovenezia.it\/evangelizzazione-e-catechesi\/wp-json\/wp\/v2\/tags?post=2372"}],"curies":[{"name":"wp","href":"https:\/\/api.w.org\/{rel}","templated":true}]}}