{"id":1147,"date":"2016-06-16T15:46:57","date_gmt":"2016-06-16T13:46:57","guid":{"rendered":"https:\/\/venezia.webdiocesi.it\/Evangelizzazione-e-Catechesi\/?p=1147"},"modified":"2016-07-07T15:50:18","modified_gmt":"2016-07-07T13:50:18","slug":"corso-regionale-per-catechisti","status":"publish","type":"post","link":"https:\/\/www.patriarcatovenezia.it\/evangelizzazione-e-catechesi\/2016\/06\/16\/corso-regionale-per-catechisti\/","title":{"rendered":"Corso regionale per coordinatori di catechisti"},"content":{"rendered":"<blockquote>\n<p style=\"text-align: justify\"><strong>Vi siano figure di coordinamento dei catechisti\u201d <\/strong><em>(Incontriamo Ges\u00f9 \u2013 orientamenti per la catechesi n. 87 La cura per la formazione<\/em><em>)<\/em>. L\u2019appello dei vescovi nei nuovi Orientamenti per l\u2019annuncio e la catechesi, <em>Incontriamo Ges\u00f9, <\/em>si muove in sintonia con l\u2019impegno degli uffici catechistici del Triveneto per la formazione dei coordinatori dei catechisti.<\/p>\n<\/blockquote>\n<p style=\"text-align: justify\">Eh s\u00ec, c\u2019eravamo anche noi della diocesi di Venezia, in 19 persone, catechisti provenienti dalle varie zone del nostro territorio Mestre, Centro storico, Riviera del Brenta, Litorale a vivere questo momento di formazione proposto dalla Commissione catechistica regionale del Triveneto. Tre giorni intensi ricchi di confronto, studio, approfondimento, preghiera e discernimento aiutati e stimolati da relatori che certamente ci hanno consentito perlomeno di incamminarci in questa proposta biennale che prevede il primo anno: la presenza e la figura del coordinatore del gruppo catechisti nella Chiesa. Mentre il prossimo anno sar\u00e0 il ruolo del coordinatore nei processi dell\u2019iniziazione cristiana e della catechesi.<\/p>\n<p style=\"text-align: justify\"><u>Moschettone<\/u>, cordata e cima. Queste le metafore usate per accompagnare la ri<br \/>\nflessione delle giornate; il moschettone come primo punto di ancoraggio per se e per gli altri. Ci\u00f2 significa che prima di accompagnare \u00e8 necessario un attento discernimento. Il moschettone \u00e8 un punto di ancoraggio per s\u00e9 e per gli altri.<\/p>\n<p style=\"text-align: justify\"><u>La cordata<\/u>: \u00e8 la gioia di condividere; la responsabilit\u00e0 e la fatica, sapendo che la vita dell\u2019altro \u00e8 nelle proprie mani: Dipendere uno dall\u2019altro pu\u00f2 essere una bene-dizione. <u>La croce in vetta<\/u>: la meta da raggiungere. \u201c<em>sognare l\u2019impossibile con i piedi ben piantati per terra<\/em>\u201d.<\/p>\n<p style=\"text-align: justify\">\u00c8 perci\u00f2 importante chiedersi come educatori e catechisti:<img loading=\"lazy\" decoding=\"async\" class=\"wp-image-1148 alignright\" src=\"https:\/\/venezia.webdiocesi.it\/Evangelizzazione-e-Catechesi\/wp-content\/uploads\/sites\/17\/2016\/06\/commregtriv-300x104.jpg\" alt=\"\" width=\"459\" height=\"159\" \/><\/p>\n<ul style=\"text-align: justify\">\n<li>Dove opero (il contesto, le mie certezze, il mio rapporto personale con la Parola).<\/li>\n<li>Con chi opero (la mia comunit\u00e0 a cui appartengo con le sue potenzialit\u00e0 e i suoi aspetti di crescita; non la comunit\u00e0 che vorrei, ma quella che sono).<\/li>\n<li>Per chi opero (il coordinatore \u00e8 un discepolo alla sequela di Ges\u00f9).<\/li>\n<\/ul>\n<p style=\"text-align: justify\">Un filo conduttore presente in quasi tutti gli interventi \u00e8 stato il riferimento alla dimensione dell\u2019umanesimo cristiano (convegno di Firenze), in cui una delle sfide emerse \u00e8 trasformare il vissuto in esperienza. Non tutto il vissuto diventa esperienza, ecco perch\u00e9 la catechesi permette di elaborare la Vita attraverso la Parola. Ma questo comporta una duplice modalit\u00e0 relazionale: che la vita quotidiana \u00e8 l\u2019alfabeto con cui dire il vangelo; ma allo stesso tempo il vangelo \u00e8 la Parola da dire alla vita quotidiana.<\/p>\n<p style=\"text-align: justify\">In cammino dunque, senza sogni di gloria o di \u201cpotere\u201d, ma di servizio umile, discreto, relazionale, missionario che sia sempre pi\u00f9 fecondo di testimonianza vera, credibile, gioiosa, che permetta a chi incontriamo di assaporare la bellezza di incontrare Ges\u00f9.<\/p>\n<p style=\"text-align: justify\">Maurizio Pilot (articolo pubblicato su <em>Gente Veneta<\/em> n. 27 &#8211; a. 2016)<\/p>\n","protected":false},"excerpt":{"rendered":"<p>Vi siano figure di coordinamento dei catechisti\u201d (Incontriamo Ges\u00f9 \u2013 orientamenti per la catechesi n. 87 La cura per la formazione). L\u2019appello dei vescovi nei nuovi Orientamenti per l\u2019annuncio e la catechesi, Incontriamo Ges\u00f9, si muove in sintonia con l\u2019impegno degli uffici catechistici del Triveneto per la formazione dei coordinatori dei catechisti. Eh s\u00ec, c\u2019eravamo [&hellip;]<\/p>\n","protected":false},"author":0,"featured_media":1176,"comment_status":"closed","ping_status":"closed","sticky":false,"template":"","format":"standard","meta":{"_acf_changed":false,"ip_address":"","user_agent":"","level":"","revision":"","cookie_id":"","page_referer":"","html_form":"","footnotes":""},"categories":[1,86],"tags":[],"class_list":["post-1147","post","type-post","status-publish","format-standard","has-post-thumbnail","hentry","category-attivita","category-notizie"],"acf":[],"_links":{"self":[{"href":"https:\/\/www.patriarcatovenezia.it\/evangelizzazione-e-catechesi\/wp-json\/wp\/v2\/posts\/1147"}],"collection":[{"href":"https:\/\/www.patriarcatovenezia.it\/evangelizzazione-e-catechesi\/wp-json\/wp\/v2\/posts"}],"about":[{"href":"https:\/\/www.patriarcatovenezia.it\/evangelizzazione-e-catechesi\/wp-json\/wp\/v2\/types\/post"}],"author":[{"embeddable":true,"href":"https:\/\/www.patriarcatovenezia.it\/evangelizzazione-e-catechesi\/wp-json\/wp\/v2\/users\/9"}],"replies":[{"embeddable":true,"href":"https:\/\/www.patriarcatovenezia.it\/evangelizzazione-e-catechesi\/wp-json\/wp\/v2\/comments?post=1147"}],"version-history":[{"count":7,"href":"https:\/\/www.patriarcatovenezia.it\/evangelizzazione-e-catechesi\/wp-json\/wp\/v2\/posts\/1147\/revisions"}],"predecessor-version":[{"id":1179,"href":"https:\/\/www.patriarcatovenezia.it\/evangelizzazione-e-catechesi\/wp-json\/wp\/v2\/posts\/1147\/revisions\/1179"}],"wp:featuredmedia":[{"embeddable":true,"href":"https:\/\/www.patriarcatovenezia.it\/evangelizzazione-e-catechesi\/wp-json\/wp\/v2\/media\/1176"}],"wp:attachment":[{"href":"https:\/\/www.patriarcatovenezia.it\/evangelizzazione-e-catechesi\/wp-json\/wp\/v2\/media?parent=1147"}],"wp:term":[{"taxonomy":"category","embeddable":true,"href":"https:\/\/www.patriarcatovenezia.it\/evangelizzazione-e-catechesi\/wp-json\/wp\/v2\/categories?post=1147"},{"taxonomy":"post_tag","embeddable":true,"href":"https:\/\/www.patriarcatovenezia.it\/evangelizzazione-e-catechesi\/wp-json\/wp\/v2\/tags?post=1147"}],"curies":[{"name":"wp","href":"https:\/\/api.w.org\/{rel}","templated":true}]}}