{"id":6838,"date":"2025-02-27T08:49:05","date_gmt":"2025-02-27T07:49:05","guid":{"rendered":"https:\/\/www.patriarcatovenezia.it\/esercizispirituali-oders\/?p=6838"},"modified":"2025-02-27T08:49:29","modified_gmt":"2025-02-27T07:49:29","slug":"pellegrinaggio-ad-aquileia-e-grado","status":"publish","type":"post","link":"https:\/\/www.patriarcatovenezia.it\/esercizispirituali-oders\/2025\/02\/27\/pellegrinaggio-ad-aquileia-e-grado\/","title":{"rendered":"Pellegrinaggio ad Aquileia e Grado"},"content":{"rendered":"<p>L&#8217;Odersp propone un pellegrinaggio per <strong>sabato 7 giugno<\/strong> ad <strong>Aquileia e Grado<\/strong>, guidati da <strong>don Paolo Ferrazzo<\/strong>.<\/p>\n<p>&nbsp;<\/p>\n<p><em>Il programma di massima prevede:<\/em><\/p>\n<p>ore 8.00 partenza Tronchetto<\/p>\n<p>ore 8.20 partenza Zelarino<\/p>\n<p>Durante il viaggio in pullman pregheremo le lodi e ci sar\u00e0 un&#8217;introduzione alla visita<\/p>\n<p>ore 10.00 arrivo ad Aquileia: Santa Messa, visita e catechesi nelle basiliche aquileiesi<\/p>\n<p>ore 12.30 pranzo presso l&#8217;hotel ristorante &#8220;Patriarchi&#8221; (Aquileia)<\/p>\n<p>Nel pomeriggio visita a Grado<\/p>\n<p>Rientro a Zelarino\/Tronchetto per le 17.30\/18.00 ca.<\/p>\n<p>&nbsp;<\/p>\n<p><span class=\"OYPEnA font-feature-liga-off font-feature-clig-off font-feature-calt-off text-decoration-none text-strikethrough-none\"><strong>Prezzo a persona<\/strong> <\/span><strong><span class=\"OYPEnA font-feature-liga-off font-feature-clig-off font-feature-calt-off text-decoration-none text-strikethrough-none\">\u20ac 50,00<\/span><\/strong>, comprendente: pullman turistico; ingresso basiliche Aquileia; radioguide; pranzo*.<\/p>\n<p><em>* Pranzo a men\u00f9 fisso di <strong><span class=\"OYPEnA font-feature-liga-off font-feature-clig-off font-feature-calt-off text-decoration-none text-strikethrough-none\">\u20ac <\/span><\/strong>25,00: Toc in braide (cestino di frico con polenta morbida e fonduta di formaggi); Bocuis alla carnica (cilindretti di crespella ripieni di pancetta stufata e provola affumicata gratinati); Torta crema e frutti di bosco; \u00bc vino e acqua naturale\/gassata.<\/em><\/p>\n<ul>\n<li style=\"list-style-type: none;\"><\/li>\n<\/ul>\n<p class=\"cvGsUA direction-ltr align-justify para-style-body\"><strong><span class=\"OYPEnA font-feature-liga-off font-feature-clig-off font-feature-calt-off text-decoration-none text-strikethrough-none\">Adesioni entro il 15\/05\/2025 <\/span><\/strong><span class=\"OYPEnA font-feature-liga-off font-feature-clig-off font-feature-calt-off text-decoration-none text-strikethrough-none\">e fino a esaurimento posti; <\/span><span class=\"OYPEnA font-feature-liga-off font-feature-clig-off font-feature-calt-off text-decoration-none text-strikethrough-none\">scrivere a<\/span><span class=\"OYPEnA font-feature-liga-off font-feature-clig-off font-feature-calt-off text-decoration-none text-strikethrough-none\">\u00a0<\/span><strong>oders@patriarcatovenezia.it<\/strong><\/p>\n<hr \/>\n<p>Aquileia \u00e8 stata un&#8217; importante citt\u00e0 dell\u2019Impero romano, in seguito grande centro per la diffusione del Cristianesimo nell\u2019Europa del nord e dell\u2019est. Dal 1998 \u00e8 riconosciuta sito UNESCO grazie alla grande e importante area archeologia e ai preziosi mosaici, come quelli della Basilica di S. Maria Assunta.<\/p>\n<p>Dal sito <a href=\"https:\/\/www.basilicadiaquileia.it\/\">basilicadiaquileia.it<\/a><\/p>\n<blockquote><p>La Basilica di Aquileia, dedicata alla Vergine e ai santi Ermacora e Fortunato, ha una storia architettonica le cui radici affondano negli anni immediatamente successivi al 313 d.C. quando, grazie all\u2019Editto di Milano che poneva termine alle persecuzioni religiose, la comunit\u00e0 cristiana ebbe la possibilit\u00e0 di edificare liberamente il primo edificio di culto. Nei secoli successivi, dopo la distruzione di questa prima chiesa, sede vescovile, gli aquileiesi la ricostruirono per ben quattro volte, sovrapponendo le nuove costruzioni ai resti delle precedenti (fasi: teodoriana, prima met\u00e0 del IV secolo; post-teodoriana nord, met\u00e0 del IV secolo; post-teodoriana sud, fine del IV secolo o dopo la met\u00e0 del V secolo; massenziana, IX secolo; popponiana, prima met\u00e0 dell\u2019XI secolo; intervento marquardiano alla ricostruzione della copertura, dagli archi ogivali al tetto, XIV-XV secolo). <em><a href=\"https:\/\/www.basilicadiaquileia.it\/it\/basilica\/storia\">Continua a leggere la storia della Basilica<\/a><\/em><\/p><\/blockquote>\n<hr \/>\n<p>&nbsp;<\/p>\n","protected":false},"excerpt":{"rendered":"<p>L&#8217;Odersp propone un pellegrinaggio per sabato 7 giugno ad Aquileia e Grado, guidati da don Paolo Ferrazzo. &nbsp; Il programma di massima prevede: ore 8.00 partenza Tronchetto ore 8.20 partenza Zelarino Durante il viaggio in pullman pregheremo le lodi e ci sar\u00e0 un&#8217;introduzione alla visita ore 10.00 arrivo ad Aquileia: Santa Messa, visita e catechesi [&hellip;]<\/p>\n","protected":false},"author":0,"featured_media":6839,"comment_status":"closed","ping_status":"closed","sticky":false,"template":"","format":"standard","meta":{"_acf_changed":false,"ip_address":"","user_agent":"","level":"","revision":"","cookie_id":"","page_referer":"","html_form":"","footnotes":""},"categories":[226],"tags":[253,254,249],"class_list":["post-6838","post","type-post","status-publish","format-standard","has-post-thumbnail","hentry","category-pellegrinaggi","tag-aquileia","tag-grado","tag-pellegrinaggio"],"acf":[],"_links":{"self":[{"href":"https:\/\/www.patriarcatovenezia.it\/esercizispirituali-oders\/wp-json\/wp\/v2\/posts\/6838"}],"collection":[{"href":"https:\/\/www.patriarcatovenezia.it\/esercizispirituali-oders\/wp-json\/wp\/v2\/posts"}],"about":[{"href":"https:\/\/www.patriarcatovenezia.it\/esercizispirituali-oders\/wp-json\/wp\/v2\/types\/post"}],"author":[{"embeddable":true,"href":"https:\/\/www.patriarcatovenezia.it\/esercizispirituali-oders\/wp-json\/wp\/v2\/users\/10"}],"replies":[{"embeddable":true,"href":"https:\/\/www.patriarcatovenezia.it\/esercizispirituali-oders\/wp-json\/wp\/v2\/comments?post=6838"}],"version-history":[{"count":20,"href":"https:\/\/www.patriarcatovenezia.it\/esercizispirituali-oders\/wp-json\/wp\/v2\/posts\/6838\/revisions"}],"predecessor-version":[{"id":6914,"href":"https:\/\/www.patriarcatovenezia.it\/esercizispirituali-oders\/wp-json\/wp\/v2\/posts\/6838\/revisions\/6914"}],"wp:featuredmedia":[{"embeddable":true,"href":"https:\/\/www.patriarcatovenezia.it\/esercizispirituali-oders\/wp-json\/wp\/v2\/media\/6839"}],"wp:attachment":[{"href":"https:\/\/www.patriarcatovenezia.it\/esercizispirituali-oders\/wp-json\/wp\/v2\/media?parent=6838"}],"wp:term":[{"taxonomy":"category","embeddable":true,"href":"https:\/\/www.patriarcatovenezia.it\/esercizispirituali-oders\/wp-json\/wp\/v2\/categories?post=6838"},{"taxonomy":"post_tag","embeddable":true,"href":"https:\/\/www.patriarcatovenezia.it\/esercizispirituali-oders\/wp-json\/wp\/v2\/tags?post=6838"}],"curies":[{"name":"wp","href":"https:\/\/api.w.org\/{rel}","templated":true}]}}