{"id":969,"date":"2022-06-22T17:31:34","date_gmt":"2022-06-22T15:31:34","guid":{"rendered":"https:\/\/venezia.webdiocesi.it\/caritas\/?p=969"},"modified":"2023-01-15T12:54:48","modified_gmt":"2023-01-15T11:54:48","slug":"i-corridoi-umanitari-a-zelarino-unesperienza-possibile","status":"publish","type":"post","link":"https:\/\/www.patriarcatovenezia.it\/caritas\/2022\/06\/22\/i-corridoi-umanitari-a-zelarino-unesperienza-possibile\/","title":{"rendered":"&#8220;I corridoi Umanitari a Zelarino. Un&#8217;esperienza Possibile&#8221;"},"content":{"rendered":"<div class=\"\">\n<div>\n<hr \/>\n<\/div>\n<p class=\"_1mf _1mj\">In data 21 Giugno 2021, la Comunit\u00e0 di Zelarino, all&#8217;interno della sagra di San Vigilio, ha trovato lo spazio per fortificare la sua riflessione sull&#8217;accoglienza attraverso l&#8217;incontro &#8220;I corridoi Umanitari a Zelarino. Un&#8217;esperienza Possibile&#8221;.<\/p>\n<p class=\"_1mf _1mj\">Dopo i primi mesi di supporto all&#8217;adattamento, allo studio della lingua italiana, ai percorsi sanitari difficili e legali di Berthe e Gael, giunte con i corridoi umanitari di Caritas Italiana, i volontari cominciano a pensare a come andare oltre i primi passi dell&#8217;accoglienza.<\/p>\n<p class=\"_1mf _1mj\">&#8220;Oltre l&#8217;accoglienza&#8230; l&#8217;inclusione&#8221;, cos\u00ec ha titolato il suo intervento Alessandra Morelli, donna forte e profonda che, dalla gestione di campi profughi di tutto il mondo, per conto dell&#8217;UNHCR, mette a disposizione delle Comunit\u00e0 il suo immane innamoramento per l&#8217;umano e fornisce qualche motivazione per andare avanti ad una comunit\u00e0 che sa accettare le sfide pi\u00f9 impervie.<\/p>\n<p class=\"_1mf _1mj\">Adesso \u00e8 l&#8217;ora di fare sistema, di pensare all&#8217;autonomia lavorativa e abitativa di Berthe e Gael, infinitamente grate all&#8217;Italia e ai suoi abitanti!<\/p>\n<p class=\"_1mf _1mj\">Grazie ad Alessandra ed ai volontari della Parrocchia di Zelarino per lo sguardo lungo e abbracciante.<\/p>\n<\/div>\n","protected":false},"excerpt":{"rendered":"<p>In data 21 Giugno 2021, la Comunit\u00e0 di Zelarino, all&#8217;interno della sagra di San Vigilio, ha trovato lo spazio per fortificare la sua riflessione sull&#8217;accoglienza attraverso l&#8217;incontro &#8220;I corridoi Umanitari a Zelarino. Un&#8217;esperienza Possibile&#8221;. Dopo i primi mesi di supporto all&#8217;adattamento, allo studio della lingua italiana, ai percorsi sanitari difficili e legali di Berthe e [&hellip;]<\/p>\n","protected":false},"author":0,"featured_media":1005,"comment_status":"closed","ping_status":"open","sticky":false,"template":"","format":"standard","meta":{"_acf_changed":false,"ip_address":"","user_agent":"","level":"","revision":"","cookie_id":"","page_referer":"","html_form":"","footnotes":""},"categories":[65,10,2],"tags":[20,127,124],"class_list":["post-969","post","type-post","status-publish","format-standard","has-post-thumbnail","hentry","category-caritas-diocesana","category-iniziative","category-notizie","tag-caritas","tag-corridoi","tag-zelarino"],"acf":[],"_links":{"self":[{"href":"https:\/\/www.patriarcatovenezia.it\/caritas\/wp-json\/wp\/v2\/posts\/969"}],"collection":[{"href":"https:\/\/www.patriarcatovenezia.it\/caritas\/wp-json\/wp\/v2\/posts"}],"about":[{"href":"https:\/\/www.patriarcatovenezia.it\/caritas\/wp-json\/wp\/v2\/types\/post"}],"author":[{"embeddable":true,"href":"https:\/\/www.patriarcatovenezia.it\/caritas\/wp-json\/wp\/v2\/users\/27"}],"replies":[{"embeddable":true,"href":"https:\/\/www.patriarcatovenezia.it\/caritas\/wp-json\/wp\/v2\/comments?post=969"}],"version-history":[{"count":10,"href":"https:\/\/www.patriarcatovenezia.it\/caritas\/wp-json\/wp\/v2\/posts\/969\/revisions"}],"predecessor-version":[{"id":1012,"href":"https:\/\/www.patriarcatovenezia.it\/caritas\/wp-json\/wp\/v2\/posts\/969\/revisions\/1012"}],"wp:featuredmedia":[{"embeddable":true,"href":"https:\/\/www.patriarcatovenezia.it\/caritas\/wp-json\/wp\/v2\/media\/1005"}],"wp:attachment":[{"href":"https:\/\/www.patriarcatovenezia.it\/caritas\/wp-json\/wp\/v2\/media?parent=969"}],"wp:term":[{"taxonomy":"category","embeddable":true,"href":"https:\/\/www.patriarcatovenezia.it\/caritas\/wp-json\/wp\/v2\/categories?post=969"},{"taxonomy":"post_tag","embeddable":true,"href":"https:\/\/www.patriarcatovenezia.it\/caritas\/wp-json\/wp\/v2\/tags?post=969"}],"curies":[{"name":"wp","href":"https:\/\/api.w.org\/{rel}","templated":true}]}}