{"id":940,"date":"2021-10-25T19:20:34","date_gmt":"2021-10-25T17:20:34","guid":{"rendered":"https:\/\/venezia.webdiocesi.it\/caritas\/?p=940"},"modified":"2021-10-25T19:30:12","modified_gmt":"2021-10-25T17:30:12","slug":"caritas-venezia-per-coro-voci-dal-mondo","status":"publish","type":"post","link":"https:\/\/www.patriarcatovenezia.it\/caritas\/2021\/10\/25\/caritas-venezia-per-coro-voci-dal-mondo\/","title":{"rendered":"Caritas Venezia per &#8220;Coro Voci dal Mondo&#8221;"},"content":{"rendered":"<div dir=\"auto\"><img loading=\"lazy\" decoding=\"async\" class=\"size-full wp-image-947 aligncenter\" src=\"https:\/\/venezia.webdiocesi.it\/caritas\/wp-content\/uploads\/sites\/14\/2021\/10\/Coro-VociDalMondo.jpg\" alt=\"\" width=\"300\" height=\"300\" srcset=\"https:\/\/www.patriarcatovenezia.it\/caritas\/wp-content\/uploads\/sites\/14\/2021\/10\/Coro-VociDalMondo.jpg 300w, https:\/\/www.patriarcatovenezia.it\/caritas\/wp-content\/uploads\/sites\/14\/2021\/10\/Coro-VociDalMondo-150x150.jpg 150w, https:\/\/www.patriarcatovenezia.it\/caritas\/wp-content\/uploads\/sites\/14\/2021\/10\/Coro-VociDalMondo-200x200.jpg 200w, https:\/\/www.patriarcatovenezia.it\/caritas\/wp-content\/uploads\/sites\/14\/2021\/10\/Coro-VociDalMondo-280x280.jpg 280w\" sizes=\"(max-width: 300px) 100vw, 300px\" \/><\/div>\n<div dir=\"auto\">Cari amici e amiche del Coro Voci dal Mondo, \u00e8 con grande emozione che vi presentiamo &#8220;Alla Ricerca di Simurg&#8221;.<\/div>\n<div class=\"kvgmc6g5 cxmmr5t8 oygrvhab hcukyx3x c1et5uql ii04i59q\">\n<div dir=\"auto\">Il nostro nuovo progetto sar\u00e0 una carovana della Musica per un viaggio di conoscenza, solidariet\u00e0, incontro con umanit\u00e0 e culture in movimento, che ci porter\u00e0 lungo la Rotta Balcanica delle migrazioni.<\/div>\n<div dir=\"auto\"><\/div>\n<\/div>\n<div class=\"o9v6fnle cxmmr5t8 oygrvhab hcukyx3x c1et5uql ii04i59q\">\n<div dir=\"auto\">ALLA RICERCA DI SIMURG<\/div>\n<div dir=\"auto\">Suoni Musiche e Culture verso la Rotta Balcanica<\/div>\n<div dir=\"auto\">a cura del Coro VOCI DAL MONDO e Giuseppina Casarin<\/div>\n<\/div>\n<div class=\"o9v6fnle cxmmr5t8 oygrvhab hcukyx3x c1et5uql ii04i59q\">\n<div dir=\"auto\">C\u2019era una volta Simurg.<\/div>\n<div dir=\"auto\">Che era un Dio, capace di placare la confusione che \u00e8 nel mondo, o almeno cos\u00ec credevano gli Uccelli.<\/div>\n<div dir=\"auto\">Cos\u00ec, si alzarono in volo, si misero in viaggio: per conoscerlo, e salvarsi con lui dalle fatiche di questa vita. Il viaggio fu lungo e pieno di prove, ma alla fine arrivarono al luogo in cui viveva Simurg.<\/div>\n<div dir=\"auto\">E tutto ci\u00f2 che videro fu uno specchio d\u2019acqua che rifletteva la loro stessa immagine.<\/div>\n<\/div>\n<div class=\"o9v6fnle cxmmr5t8 oygrvhab hcukyx3x c1et5uql ii04i59q\">\n<div dir=\"auto\">(\u201cLa Conferenza degli Uccelli\u201d, poema persiano del XII secolo di Farid al-Din \u2018Attar)<\/div>\n<div dir=\"auto\"><\/div>\n<\/div>\n<div class=\"o9v6fnle cxmmr5t8 oygrvhab hcukyx3x c1et5uql ii04i59q\">\n<div dir=\"auto\">IL PROGETTO<\/div>\n<div dir=\"auto\">\u201cCome non rimanere indifferenti di fronte a quanto sta accadendo?\u201d<\/div>\n<div dir=\"auto\">In questi anni il nostro Coro ha vissuto un\u2019esperienza forte di conoscenza dei protagonisti, sopravvissuti, dell\u2019emergenza umanitaria che da tanto tempo si perpetua nel Mediterraneo e che coinvolge migliaia di persone in viaggio dall\u2019Africa verso l\u2019Italia e l\u2019Europa.<\/div>\n<\/div>\n<div class=\"o9v6fnle cxmmr5t8 oygrvhab hcukyx3x c1et5uql ii04i59q\">\n<div dir=\"auto\">Questo incontro, che ha coinvolto i cittadini italiani e stranieri partecipanti al Coro e i nuovi migranti richiedenti asilo, \u00e8 avvenuto attraverso la condivisione dei canti di ciascuno. La Musica dunque si \u00e8 fatta vettore di relazioni positive e paritarie tra persone diverse per cultura, tradizione, religione, et\u00e0 e storie di vita.<\/div>\n<\/div>\n<div class=\"o9v6fnle cxmmr5t8 oygrvhab hcukyx3x c1et5uql ii04i59q\">\n<div dir=\"auto\">Ma un\u2019altra emergenza umanitaria ormai da anni coinvolge migliaia di donne uomini bambini lungo la Rotta Balcanica: un percorso migratorio ancor oggi poco conosciuto nella sua drammaticit\u00e0 agli occhi indifferenti dell\u2019opinione pubblica e della Comunit\u00e0 Europea.<\/div>\n<\/div>\n<div class=\"o9v6fnle cxmmr5t8 oygrvhab hcukyx3x c1et5uql ii04i59q\">\n<div dir=\"auto\">Con &#8220;ALLA RICERCA DI SIMURG&#8221; vogliamo richiamare l\u2019attenzione e avviare un percorso di sensibilizzazione intorno al tema della Rotta Balcanica. Chi, tra i nostri coristi, \u00e8 un migrante della Rotta Mediterranea, da sostenuto diventa sostenitore, per un\u2019altra battaglia tanto simile, tanto umana, tanto emergenziale, tanto uguale a quella vissuta in prima persona nel viaggio verso l\u2019Europa.<\/div>\n<div dir=\"auto\"><\/div>\n<\/div>\n<div class=\"o9v6fnle cxmmr5t8 oygrvhab hcukyx3x c1et5uql ii04i59q\">\n<div dir=\"auto\">LA CAROVANA DELLA MUSICA<\/div>\n<\/div>\n<div class=\"o9v6fnle cxmmr5t8 oygrvhab hcukyx3x c1et5uql ii04i59q\">\n<div dir=\"auto\">Vogliamo dare vita alla CAROVANA DELLA MUSICA: una compagnia viaggiante di musicisti, variabile di citt\u00e0 in citt\u00e0 a seconda delle adesioni e partecipazioni, che assieme a noi intraprender\u00e0 questo viaggio fatto di incontri informativi, concerti, performance.<\/div>\n<\/div>\n<div class=\"o9v6fnle cxmmr5t8 oygrvhab hcukyx3x c1et5uql ii04i59q\">\n<div dir=\"auto\">Lungo le tappe della Carovana effettueremo la RACCOLTA e il RECUPERO DI STRUMENTI MUSICALI di ogni genere che, assieme alla Carovana della Musica, saranno diretti verso i campi dei richiedenti asilo bloccati lungo i confini tra Bosnia e Croazia o altro confine che coinvolge la Rotta Balcanica.<\/div>\n<\/div>\n<div class=\"o9v6fnle cxmmr5t8 oygrvhab hcukyx3x c1et5uql ii04i59q\">\n<div dir=\"auto\">Infine, promuoveremo una RACCOLTA FONDI da destinare a Emergenza umanitaria Rotta Balcanica e Mediterraneo.<\/div>\n<div dir=\"auto\"><\/div>\n<\/div>\n<div class=\"o9v6fnle cxmmr5t8 oygrvhab hcukyx3x c1et5uql ii04i59q\">\n<div dir=\"auto\">IN BOSNIA<\/div>\n<\/div>\n<div class=\"o9v6fnle cxmmr5t8 oygrvhab hcukyx3x c1et5uql ii04i59q\">\n<div dir=\"auto\">\u201cUna coperta per il freddo, il pane per la sopravvivenza, la musica e il canto per sentirsi persone\u201d<\/div>\n<\/div>\n<div class=\"o9v6fnle cxmmr5t8 oygrvhab hcukyx3x c1et5uql ii04i59q\">\n<div dir=\"auto\">La carovana della musica, nella primavera 2022, giunger\u00e0 in Bosnia, costituita da musicisti professionisti, una rappresentanza del CORO VOCI DAL MONDO, un videomaker, dei volontari. L&#8217;obiettivo sar\u00e0 quello di facilitare scambio di voci, canti e musiche, di storie, di nuove relazioni in Bosnia e in particolare a partire dai contatti con la comunit\u00e0 civile bosniaca pi\u00f9 vicina ai campi profughi.<\/div>\n<\/div>\n<div class=\"o9v6fnle cxmmr5t8 oygrvhab hcukyx3x c1et5uql ii04i59q\">\n<div dir=\"auto\">I musicisti professionisti coinvolgeranno le persone, presenti nei campi in Bosnia, intorno al cantare e suonare insieme. Saranno questi momenti di laboratorio\/comunicazione musicale in cui gli strumenti musicali troveranno il loro \u201crecapito\u201d.<\/div>\n<\/div>\n<div class=\"o9v6fnle cxmmr5t8 oygrvhab hcukyx3x c1et5uql ii04i59q\">\n<div dir=\"auto\">Gli strumenti musicali raccolti in Italia porteranno un\u2019etichetta con il nome della persona che li dona e la persona che ricever\u00e0 lo strumento, che sia musicista o meno, potr\u00e0 rispondere con un segnale di ricevimento (un messaggio, un audio, un video, una lettera).<\/div>\n<\/div>\n<div class=\"o9v6fnle cxmmr5t8 oygrvhab hcukyx3x c1et5uql ii04i59q\">\n<div dir=\"auto\">LA MUSICA SI FARA&#8217; MESSAGGERA DI NUOVE RELAZIONI e gli strumenti musicali diventeranno oggetto-testimone di questo incontro: avranno nuove mani, nuove anime, nuovi immaginari per dare voce alle musiche delle culture migranti verso l\u2019Europa.<\/div>\n<div dir=\"auto\"><\/div>\n<\/div>\n<div class=\"o9v6fnle cxmmr5t8 oygrvhab hcukyx3x c1et5uql ii04i59q\">\n<div dir=\"auto\">DI NUOVO IN ITALIA<\/div>\n<\/div>\n<div class=\"o9v6fnle cxmmr5t8 oygrvhab hcukyx3x c1et5uql ii04i59q\">\n<div dir=\"auto\">L\u2019esperienza sar\u00e0 restituita in Italia con video, con lettere, documenti, film e attraverso incontri strutturati.<\/div>\n<\/div>\n","protected":false},"excerpt":{"rendered":"<p>Cari amici e amiche del Coro Voci dal Mondo, \u00e8 con grande emozione che vi presentiamo &#8220;Alla Ricerca di Simurg&#8221;. Il nostro nuovo progetto sar\u00e0 una carovana della Musica per un viaggio di conoscenza, solidariet\u00e0, incontro con umanit\u00e0 e culture in movimento, che ci porter\u00e0 lungo la Rotta Balcanica delle migrazioni. ALLA RICERCA DI SIMURG [&hellip;]<\/p>\n","protected":false},"author":0,"featured_media":946,"comment_status":"closed","ping_status":"open","sticky":false,"template":"","format":"standard","meta":{"_acf_changed":false,"ip_address":"","user_agent":"","level":"","revision":"","cookie_id":"","page_referer":"","html_form":"","footnotes":""},"categories":[65,10,2],"tags":[],"class_list":["post-940","post","type-post","status-publish","format-standard","has-post-thumbnail","hentry","category-caritas-diocesana","category-iniziative","category-notizie"],"acf":[],"_links":{"self":[{"href":"https:\/\/www.patriarcatovenezia.it\/caritas\/wp-json\/wp\/v2\/posts\/940"}],"collection":[{"href":"https:\/\/www.patriarcatovenezia.it\/caritas\/wp-json\/wp\/v2\/posts"}],"about":[{"href":"https:\/\/www.patriarcatovenezia.it\/caritas\/wp-json\/wp\/v2\/types\/post"}],"author":[{"embeddable":true,"href":"https:\/\/www.patriarcatovenezia.it\/caritas\/wp-json\/wp\/v2\/users\/27"}],"replies":[{"embeddable":true,"href":"https:\/\/www.patriarcatovenezia.it\/caritas\/wp-json\/wp\/v2\/comments?post=940"}],"version-history":[{"count":6,"href":"https:\/\/www.patriarcatovenezia.it\/caritas\/wp-json\/wp\/v2\/posts\/940\/revisions"}],"predecessor-version":[{"id":949,"href":"https:\/\/www.patriarcatovenezia.it\/caritas\/wp-json\/wp\/v2\/posts\/940\/revisions\/949"}],"wp:featuredmedia":[{"embeddable":true,"href":"https:\/\/www.patriarcatovenezia.it\/caritas\/wp-json\/wp\/v2\/media\/946"}],"wp:attachment":[{"href":"https:\/\/www.patriarcatovenezia.it\/caritas\/wp-json\/wp\/v2\/media?parent=940"}],"wp:term":[{"taxonomy":"category","embeddable":true,"href":"https:\/\/www.patriarcatovenezia.it\/caritas\/wp-json\/wp\/v2\/categories?post=940"},{"taxonomy":"post_tag","embeddable":true,"href":"https:\/\/www.patriarcatovenezia.it\/caritas\/wp-json\/wp\/v2\/tags?post=940"}],"curies":[{"name":"wp","href":"https:\/\/api.w.org\/{rel}","templated":true}]}}