{"id":919,"date":"2021-07-18T21:43:21","date_gmt":"2021-07-18T19:43:21","guid":{"rendered":"https:\/\/venezia.webdiocesi.it\/caritas\/?p=919"},"modified":"2021-07-18T21:44:09","modified_gmt":"2021-07-18T19:44:09","slug":"lesperienza-di-anna-pasqualetto-tirocinante-presso-caritas-veneziana","status":"publish","type":"post","link":"https:\/\/www.patriarcatovenezia.it\/caritas\/2021\/07\/18\/lesperienza-di-anna-pasqualetto-tirocinante-presso-caritas-veneziana\/","title":{"rendered":"L&#8217;esperienza di Anna Pasqualetto, tirocinante presso Caritas Veneziana"},"content":{"rendered":"<p style=\"text-align: left\">Mi chiamo Anna e sono una studentessa del corso di Laura Magistrale \u201cLavoro, cittadinanza sociale e interculturalit\u00e0\u201d dell\u2019Universit\u00e0 Ca\u2019 Foscari. La decisione di svolgere le 250 ore di tirocinio curriculare all\u2019interno di Caritas Veneziana, sorge dal mio personale interesse sul tema dell\u2019immigrazione in tutti i suoi aspetti che qui ha trovato terreno fertile.<br \/>\nDopo alcuni rallentamenti dovuti al Covid &#8211; 19 e relative \u201czone rosse\u201d, ho finalmente iniziato il mio tirocinio ad aprile, con tanto entusiasmo, ma anche con il timore di non essere all\u2019altezza.<br \/>\nFortunatamente il mio inserimento nell\u2019equipe \u00e8 stato immediato, grazie alla disponibilit\u00e0 degli operatori che mi hanno fin da subito accolta nel gruppo. Il mio tirocinio \u00e8 stato vario e durante questi mesi ho preso parte a diversi servizi e attivit\u00e0 svolti da Caritas. In particolare, sono stata coinvolta nei progetti Corridoi Umanitari e APRI che propongono l\u2019avvio di percorsi finalizzati all\u2019accoglienza e all\u2019inclusione di migranti, attraverso la partecipazione e la sensibilizzazione di volontari e di comunit\u00e0 parrocchiali del territorio.<br \/>\nHo potuto assistere anche ad alcuni colloqui del Centro di Ascolto, qui sono molte le persone che si presentano bisognosi di una relazione di aiuto . Affiancando gli opera tori ho potuto ascoltare le storie di tante persone che non lasciano indifferenti , apprendendo i disagi con cui si scontrano quotidianamente.<br \/>\nAnche grazie ai colloqui del progetto \u201cFondo San Nicol\u00f2\u201d \u2013 un sostegno economico per chi ha avuto gravi difficolt\u00e0\u00a0 economiche a causa della pandemia \u2013 ho constatato come l\u2019ascolto attento degli operatori fosse finalizzato ad individuare un possibile percorso da intraprendere, che andasse al di l\u00e0 del mero contributo economico. L\u2019azione dell\u2019operatore infatti, verte nell\u2019instaurare una relazione di aiuto, attraverso l\u2019empatia, basata sulla fiducia e sull\u2019ascolto, ma che non pu\u00f2 esimersi dal lasciare al prossimo la piena di libert\u00e0 di agire, anche se ci\u00f2 comporta delle delusioni. Caritas \u00e8 un vero punto di riferimento per chiunque si trovi in una situazione di marginalit\u00e0 e necessiti di aiuto. Ed \u00e8 proprio questo che mi ha spinta a scegliere come percorso di studi servizi sociali, poich\u00e9 credo fermamente nell&#8217;importanza dell&#8217;aiutare il prossimo. Ciascuno di noi pu\u00f2 esser e soggetto a fallimenti o trovarsi in una situazione di difficile risoluzione, ma credo anche che ognuno abbia diritto al cambiamento e ad una vita dignitosa che sappia valorizzare le potenzialit\u00e0 individuali. Durante questi mesi mi sono confrontata con chi si trova in gravi difficolt\u00e0 economiche, abitative o sociali, chi ha difficolt\u00e0 con il rilascio dei documenti, chi \u00e8 stato nell&#8217;ombra per anni e ora vuole tornare alla luce per non sentirsi pi\u00f9 escluso, o chi semplicemente ha bisogno di qualcuno che lo sappia ascoltare. Gli utenti che abitualmente passano per gli uffici di Caritas, possono contare su operatori che fanno della carit\u00e0 e solidariet\u00e0 elementi essenziali del loro operato, senza mai tirarsi indietro e cercando una possibile soluzione pe r chiunque bussi alla porta.\u200b<br \/>\n\u00c8 stato un bellissimo percorso di grande arricchimento, sia sull\u2019aspetto umano sia professionale. Ho potuto immergermi in tante situazioni diverse, lavorando su me stessa , mettendo in campo le mie conoscenze teoriche e facendo tesoro del lavoro e dell\u2019esperienza degli operatori di Caritas , nella speranza che questo sia solo il punto di partenza del mio percorso professionale.<br \/>\nAnna Pasqualetto<\/p>\n","protected":false},"excerpt":{"rendered":"<p>Mi chiamo Anna e sono una studentessa del corso di Laura Magistrale \u201cLavoro, cittadinanza sociale e interculturalit\u00e0\u201d dell\u2019Universit\u00e0 Ca\u2019 Foscari. La decisione di svolgere le 250 ore di tirocinio curriculare all\u2019interno di Caritas Veneziana, sorge dal mio personale interesse sul tema dell\u2019immigrazione in tutti i suoi aspetti che qui ha trovato terreno fertile. Dopo alcuni [&hellip;]<\/p>\n","protected":false},"author":0,"featured_media":920,"comment_status":"closed","ping_status":"open","sticky":false,"template":"","format":"standard","meta":{"_acf_changed":false,"ip_address":"","user_agent":"","level":"","revision":"","cookie_id":"","page_referer":"","html_form":"","footnotes":""},"categories":[9,2],"tags":[20,158,157],"class_list":["post-919","post","type-post","status-publish","format-standard","has-post-thumbnail","hentry","category-formazione","category-notizie","tag-caritas","tag-esperienza","tag-tirocinio"],"acf":[],"_links":{"self":[{"href":"https:\/\/www.patriarcatovenezia.it\/caritas\/wp-json\/wp\/v2\/posts\/919"}],"collection":[{"href":"https:\/\/www.patriarcatovenezia.it\/caritas\/wp-json\/wp\/v2\/posts"}],"about":[{"href":"https:\/\/www.patriarcatovenezia.it\/caritas\/wp-json\/wp\/v2\/types\/post"}],"author":[{"embeddable":true,"href":"https:\/\/www.patriarcatovenezia.it\/caritas\/wp-json\/wp\/v2\/users\/27"}],"replies":[{"embeddable":true,"href":"https:\/\/www.patriarcatovenezia.it\/caritas\/wp-json\/wp\/v2\/comments?post=919"}],"version-history":[{"count":1,"href":"https:\/\/www.patriarcatovenezia.it\/caritas\/wp-json\/wp\/v2\/posts\/919\/revisions"}],"predecessor-version":[{"id":921,"href":"https:\/\/www.patriarcatovenezia.it\/caritas\/wp-json\/wp\/v2\/posts\/919\/revisions\/921"}],"wp:featuredmedia":[{"embeddable":true,"href":"https:\/\/www.patriarcatovenezia.it\/caritas\/wp-json\/wp\/v2\/media\/920"}],"wp:attachment":[{"href":"https:\/\/www.patriarcatovenezia.it\/caritas\/wp-json\/wp\/v2\/media?parent=919"}],"wp:term":[{"taxonomy":"category","embeddable":true,"href":"https:\/\/www.patriarcatovenezia.it\/caritas\/wp-json\/wp\/v2\/categories?post=919"},{"taxonomy":"post_tag","embeddable":true,"href":"https:\/\/www.patriarcatovenezia.it\/caritas\/wp-json\/wp\/v2\/tags?post=919"}],"curies":[{"name":"wp","href":"https:\/\/api.w.org\/{rel}","templated":true}]}}