{"id":914,"date":"2021-06-14T18:05:32","date_gmt":"2021-06-14T16:05:32","guid":{"rendered":"https:\/\/venezia.webdiocesi.it\/caritas\/?p=914"},"modified":"2021-06-27T18:08:46","modified_gmt":"2021-06-27T16:08:46","slug":"inaugurata-casa-san-giuseppe-alle-muneghete","status":"publish","type":"post","link":"https:\/\/www.patriarcatovenezia.it\/caritas\/2021\/06\/14\/inaugurata-casa-san-giuseppe-alle-muneghete\/","title":{"rendered":"Inaugurata Casa san Giuseppe alle Muneghete"},"content":{"rendered":"<p><img loading=\"lazy\" decoding=\"async\" class=\"alignleft\" src=\"https:\/\/www.gelestatic.it\/thimg\/xY6H2deQJAcglNW-EASGe_5hJ7I=\/960x540\/smart\/https%3A\/\/nuovavenezia.gelocal.it\/image\/contentid\/policy%3A1.40383022%3A1623515138\/OBJ117117253_1.jpg%3Ff%3Ddetail_558%26h%3D720%26w%3D1280%26%24p%24f%24h%24w%3D120710b\" alt=\"Lavori ultimati al convento veneziano, solidariet\u00e0 e ospitalit\u00e0 tornano all'ex Muneghette - La Nuova di Venezia Venezia\" width=\"332\" height=\"187\" \/>Il progetto \u201cCasa San Giuseppe\u201d desidera offrire un metodo e uno strumento per il servizio della carit\u00e0 della Chiesa che in Venezia, specificamente per la zona pastorale insulare che comprende il centro storico e le isole lagunari. Esso intende rilanciare criteri, priorit\u00e0 e proposte perch\u00e9 la comunit\u00e0 cristiana possa essere aiutata a vivere la carit\u00e0 (<em>diakonia)<\/em> in maniera organizzata come \u201cespressione irrinunciabile della sua stessa essenza\u201d (DCE 25).<\/p>\n<p>Fulcro di tale progetto sar\u00e0 l\u2019edificio ex \u201c<em>Pensionato Le Muneghete<\/em>\u201d di propriet\u00e0 dell\u2019IRE, ora IPAV, a Venezia nel sestiere di Castello, che si presenta come una struttura di valore architettonico, sviluppata attorno a un grande cortile privato, composta di tre piani con stanze, di diversa ampiezza, servizi igienici e cucine comuni. Il Patriarcato di Venezia, che ha ottenuto tale immobile in comodato d\u2019uso gratuito per trent\u2019anni, si \u00e8 impegnato in un\u2019importante ristrutturazione il cui progetto \u00e8 stato affidato allo Studio Zordan di Venezia.<\/p>\n<p>A Casa san Giuseppe si pu\u00f2r\u00e0 trovare:<\/p>\n<p><u>Al piano terra:<\/u><\/p>\n<ul>\n<li>La <strong>Cappella<\/strong> <strong>Redemptoris Custos<\/strong> che costituisce come il centro di propulsione della Casa;<\/li>\n<li>Il <strong>Centro di Ascolto<\/strong>;<\/li>\n<li><strong>Refettorio Betania<\/strong>.<\/li>\n<li>La sede della <strong>San Vincenzo<\/strong>;<\/li>\n<li>Gli spazi della <strong>Caritas Veneziana<\/strong>;<\/li>\n<li>La <strong>cucina<\/strong> comune per i servizi di refezione;<\/li>\n<\/ul>\n<p><u>Al primo piano:<\/u><\/p>\n<ul>\n<li><strong>Dimora Santa Bakhita. <\/strong>L\u2019accoglienza per le donne in momentanea difficolt\u00e0 abitativa o senza fissa dimora.<\/li>\n<li><strong>Consultorio Santa Maria Mater Domini.<\/strong><\/li>\n<li>La zona abitativa per la <strong>residenza <\/strong>di una famiglia e che preveda anche uno spazio per eventuali progetti di accoglienza di minori;<\/li>\n<li>Alcune sale per la formazione di volontari e operatori;<\/li>\n<\/ul>\n<p><u>Al secondo piano:<\/u><\/p>\n<ul>\n<li><strong>Dimora Betlemme <\/strong>La struttura metter\u00e0 a disposizione 7 stanze con servizi privati e un bilocale per l\u2019accoglienza di persone o piccoli nuclei famigliari in temporanea difficolt\u00e0 abitativa. Una particolare attenzione potr\u00e0 essere riservata anche ai genitori separati.<\/li>\n<li><strong>Dimora san Giovanni Paolo II: <\/strong>uno spazio in autogestione per piccoli gruppi (max 12 persone) che desiderano vivere una esperienza integrale di carit\u00e0 con tempi di servizio, di condivisione fraterna e di formazione.<\/li>\n<\/ul>\n<p><img loading=\"lazy\" decoding=\"async\" class=\"alignnone size-medium wp-image-904\" src=\"https:\/\/venezia.webdiocesi.it\/caritas\/wp-content\/uploads\/sites\/14\/2021\/06\/8X1000-CARIT\u00e0-300x106.jpg\" alt=\"\" width=\"300\" height=\"106\" srcset=\"https:\/\/www.patriarcatovenezia.it\/caritas\/wp-content\/uploads\/sites\/14\/2021\/06\/8X1000-CARIT\u00e0-300x106.jpg 300w, https:\/\/www.patriarcatovenezia.it\/caritas\/wp-content\/uploads\/sites\/14\/2021\/06\/8X1000-CARIT\u00e0-360x127.jpg 360w, https:\/\/www.patriarcatovenezia.it\/caritas\/wp-content\/uploads\/sites\/14\/2021\/06\/8X1000-CARIT\u00e0.jpg 497w\" sizes=\"(max-width: 300px) 100vw, 300px\" \/><\/p>\n","protected":false},"excerpt":{"rendered":"<p>Il progetto \u201cCasa San Giuseppe\u201d desidera offrire un metodo e uno strumento per il servizio della carit\u00e0 della Chiesa che in Venezia, specificamente per la zona pastorale insulare che comprende il centro storico e le isole lagunari. Esso intende rilanciare criteri, priorit\u00e0 e proposte perch\u00e9 la comunit\u00e0 cristiana possa essere aiutata a vivere la carit\u00e0 [&hellip;]<\/p>\n","protected":false},"author":0,"featured_media":0,"comment_status":"closed","ping_status":"open","sticky":false,"template":"","format":"standard","meta":{"_acf_changed":false,"ip_address":"","user_agent":"","level":"","revision":"","cookie_id":"","page_referer":"","html_form":"","footnotes":""},"categories":[2],"tags":[],"class_list":["post-914","post","type-post","status-publish","format-standard","hentry","category-notizie"],"acf":[],"_links":{"self":[{"href":"https:\/\/www.patriarcatovenezia.it\/caritas\/wp-json\/wp\/v2\/posts\/914"}],"collection":[{"href":"https:\/\/www.patriarcatovenezia.it\/caritas\/wp-json\/wp\/v2\/posts"}],"about":[{"href":"https:\/\/www.patriarcatovenezia.it\/caritas\/wp-json\/wp\/v2\/types\/post"}],"author":[{"embeddable":true,"href":"https:\/\/www.patriarcatovenezia.it\/caritas\/wp-json\/wp\/v2\/users\/19"}],"replies":[{"embeddable":true,"href":"https:\/\/www.patriarcatovenezia.it\/caritas\/wp-json\/wp\/v2\/comments?post=914"}],"version-history":[{"count":3,"href":"https:\/\/www.patriarcatovenezia.it\/caritas\/wp-json\/wp\/v2\/posts\/914\/revisions"}],"predecessor-version":[{"id":917,"href":"https:\/\/www.patriarcatovenezia.it\/caritas\/wp-json\/wp\/v2\/posts\/914\/revisions\/917"}],"wp:attachment":[{"href":"https:\/\/www.patriarcatovenezia.it\/caritas\/wp-json\/wp\/v2\/media?parent=914"}],"wp:term":[{"taxonomy":"category","embeddable":true,"href":"https:\/\/www.patriarcatovenezia.it\/caritas\/wp-json\/wp\/v2\/categories?post=914"},{"taxonomy":"post_tag","embeddable":true,"href":"https:\/\/www.patriarcatovenezia.it\/caritas\/wp-json\/wp\/v2\/tags?post=914"}],"curies":[{"name":"wp","href":"https:\/\/api.w.org\/{rel}","templated":true}]}}