{"id":886,"date":"2021-04-16T17:47:26","date_gmt":"2021-04-16T15:47:26","guid":{"rendered":"https:\/\/venezia.webdiocesi.it\/caritas\/?p=886"},"modified":"2021-04-16T17:54:02","modified_gmt":"2021-04-16T15:54:02","slug":"osservatorio-delle-poverta-2020","status":"publish","type":"post","link":"https:\/\/www.patriarcatovenezia.it\/caritas\/2021\/04\/16\/osservatorio-delle-poverta-2020\/","title":{"rendered":"OSSERVATORIO DELLE POVERTA&#8217; 2020"},"content":{"rendered":"<p>La\u00a0 pubblicazione \u201cOsservatorio delle povert\u00e0\u201d, predisposta da Caritas Veneziana per l\u2019anno 2020, costituisce una novit\u00e0 assoluta nel panorama delle iniziative della Diocesi Patriarcato di Venezia sui temi della promozione della carit\u00e0 e del servizio alle persone che versano in particolari difficolt\u00e0 personali, economiche e sociali. In relazione anche alla crisi connessa con l\u2019epidemia Covid 19, si scopre che, come indicato nel testo, la povert\u00e0 ha nuovi volti, nuove espressioni e pone questioni essenziali per ciascuno di noi, per le nostre comunit\u00e0 cristiane e per l\u2019intera societ\u00e0 civile. L\u2019Osservatorio costituisce un invito a riflettere profondamente sulla situazione del nostro territorio, sulle criticit\u00e0 presenti, sulle soluzioni da porre in essere per testimoniare concretamente l\u2019impegno nella carit\u00e0 come segno distintivo della presenza salvifica e costante del Cristo Salvatore e Redentore nelle vicende della storia umana.<\/p>\n<p>&nbsp;<\/p>\n<p>Per comunicare dei cambiamenti, scrivere a: osservatorio.caritas@patriarcatovenezia.it<\/p>\n","protected":false},"excerpt":{"rendered":"<p>La\u00a0 pubblicazione \u201cOsservatorio delle povert\u00e0\u201d, predisposta da Caritas Veneziana per l\u2019anno 2020, costituisce una novit\u00e0 assoluta nel panorama delle iniziative della Diocesi Patriarcato di Venezia sui temi della promozione della carit\u00e0 e del servizio alle persone che versano in particolari difficolt\u00e0 personali, economiche e sociali. In relazione anche alla crisi connessa con l\u2019epidemia Covid 19, [&hellip;]<\/p>\n","protected":false},"author":0,"featured_media":861,"comment_status":"closed","ping_status":"open","sticky":false,"template":"","format":"standard","meta":{"_acf_changed":false,"ip_address":"","user_agent":"","level":"","revision":"","cookie_id":"","page_referer":"","html_form":"","footnotes":""},"categories":[65,2,80],"tags":[122,20,83,60],"class_list":["post-886","post","type-post","status-publish","format-standard","has-post-thumbnail","hentry","category-caritas-diocesana","category-notizie","category-osservatorio","tag-122","tag-caritas","tag-osservatorio","tag-poverta"],"acf":[],"_links":{"self":[{"href":"https:\/\/www.patriarcatovenezia.it\/caritas\/wp-json\/wp\/v2\/posts\/886"}],"collection":[{"href":"https:\/\/www.patriarcatovenezia.it\/caritas\/wp-json\/wp\/v2\/posts"}],"about":[{"href":"https:\/\/www.patriarcatovenezia.it\/caritas\/wp-json\/wp\/v2\/types\/post"}],"author":[{"embeddable":true,"href":"https:\/\/www.patriarcatovenezia.it\/caritas\/wp-json\/wp\/v2\/users\/27"}],"replies":[{"embeddable":true,"href":"https:\/\/www.patriarcatovenezia.it\/caritas\/wp-json\/wp\/v2\/comments?post=886"}],"version-history":[{"count":2,"href":"https:\/\/www.patriarcatovenezia.it\/caritas\/wp-json\/wp\/v2\/posts\/886\/revisions"}],"predecessor-version":[{"id":892,"href":"https:\/\/www.patriarcatovenezia.it\/caritas\/wp-json\/wp\/v2\/posts\/886\/revisions\/892"}],"wp:featuredmedia":[{"embeddable":true,"href":"https:\/\/www.patriarcatovenezia.it\/caritas\/wp-json\/wp\/v2\/media\/861"}],"wp:attachment":[{"href":"https:\/\/www.patriarcatovenezia.it\/caritas\/wp-json\/wp\/v2\/media?parent=886"}],"wp:term":[{"taxonomy":"category","embeddable":true,"href":"https:\/\/www.patriarcatovenezia.it\/caritas\/wp-json\/wp\/v2\/categories?post=886"},{"taxonomy":"post_tag","embeddable":true,"href":"https:\/\/www.patriarcatovenezia.it\/caritas\/wp-json\/wp\/v2\/tags?post=886"}],"curies":[{"name":"wp","href":"https:\/\/api.w.org\/{rel}","templated":true}]}}