{"id":874,"date":"2021-04-15T12:57:43","date_gmt":"2021-04-15T10:57:43","guid":{"rendered":"https:\/\/venezia.webdiocesi.it\/caritas\/?p=874"},"modified":"2021-04-30T11:00:22","modified_gmt":"2021-04-30T09:00:22","slug":"percorso-formativo-fondamentale-per-operatori-caritas-progetto-audire-in-caritate","status":"publish","type":"post","link":"https:\/\/www.patriarcatovenezia.it\/caritas\/2021\/04\/15\/percorso-formativo-fondamentale-per-operatori-caritas-progetto-audire-in-caritate\/","title":{"rendered":"Percorso formativo fondamentale per operatori caritas &#8211; Progetto &#8220;Audire in Caritate&#8221;"},"content":{"rendered":"<p>La Caritas Veneziana, per il periodo 2021\/2022, intende proporre alle comunit\u00e0 cristiane, alle parrocchie, ai gruppi Caritas locali ma anche alle singole persone interessate, un percorso fondamentale di formazione riferito alla Caritas, alla sua identit\u00e0, alle metodologie e strumenti di intervento, in applicazione anche dei principi fondamentali della Dottrina Sociale della Chiesa relativi all\u2019azione Caritas.<\/p>\n<p>Il percorso formativo si articola in sette incontri inerenti l\u2019essere della Caritas, in relazione a quanto scrive Benedetto XVI nell\u2019Enciclica Caritas in Veritate \u201c\u2026tutta la Chiesa, in tutto il suo essere e il suo agire, quando annuncia, celebra e opera nella carit\u00e0, \u00e8 tesa a promuovere lo sviluppo integrale dell\u2019uomo\u201d (n. 11). Il programma serve proprio ad evidenziare la necessit\u00e0 di un rinnovato e forte impegno Caritas, collegabile alla pressante attualit\u00e0 dei temi oggetto del percorso formativo ed \u00e8 strutturato su quattro incontri. \u00a0In collegamento con il Progetto della Caritas Diocesana \u201cAudire in caritate\u201d, presentato alla Caritas nazionale per il 2021, gli incontri verranno realizzati a livello locale, presso le varie collaborazioni pastorali o vicariati.\u00a0 In tal modo, si potr\u00e0 definire un momento di intensa riflessione ed analisi dell\u2019azione dei gruppi Caritas locali, al fine di favorire la presa di coscienza delle proposte, degli interventi e delle azioni presenti sul territorio in tempo reale. Il programma potr\u00e0 essere adattato alle esigenze locali in relazione ad una analisi situazionale, approfondendo maggiormente quei temi del programma pi\u00f9 consoni a determinare lo sviluppo operativo \u00a0della comunit\u00e0 di riferimento<\/p>\n<p>&nbsp;<\/p>\n<p>I riferimenti telefonici e mail sono i seguenti:<\/p>\n<p>Tel. Segreteria Caritas: 041\/975857<\/p>\n<p>Mail: <a href=\"mailto:progettazione.caritas@patriarcatovenezia.it\">progettazione.caritas@patriarcatovenezia.it<\/a><\/p>\n","protected":false},"excerpt":{"rendered":"<p>La Caritas Veneziana, per il periodo 2021\/2022, intende proporre alle comunit\u00e0 cristiane, alle parrocchie, ai gruppi Caritas locali ma anche alle singole persone interessate, un percorso fondamentale di formazione riferito alla Caritas, alla sua identit\u00e0, alle metodologie e strumenti di intervento, in applicazione anche dei principi fondamentali della Dottrina Sociale della Chiesa relativi all\u2019azione Caritas. [&hellip;]<\/p>\n","protected":false},"author":0,"featured_media":894,"comment_status":"closed","ping_status":"open","sticky":false,"template":"","format":"standard","meta":{"_acf_changed":false,"ip_address":"","user_agent":"","level":"","revision":"","cookie_id":"","page_referer":"","html_form":"","footnotes":""},"categories":[65,9,2],"tags":[20,51,154],"class_list":["post-874","post","type-post","status-publish","format-standard","has-post-thumbnail","hentry","category-caritas-diocesana","category-formazione","category-notizie","tag-caritas","tag-formazione","tag-territorio"],"acf":[],"_links":{"self":[{"href":"https:\/\/www.patriarcatovenezia.it\/caritas\/wp-json\/wp\/v2\/posts\/874"}],"collection":[{"href":"https:\/\/www.patriarcatovenezia.it\/caritas\/wp-json\/wp\/v2\/posts"}],"about":[{"href":"https:\/\/www.patriarcatovenezia.it\/caritas\/wp-json\/wp\/v2\/types\/post"}],"author":[{"embeddable":true,"href":"https:\/\/www.patriarcatovenezia.it\/caritas\/wp-json\/wp\/v2\/users\/27"}],"replies":[{"embeddable":true,"href":"https:\/\/www.patriarcatovenezia.it\/caritas\/wp-json\/wp\/v2\/comments?post=874"}],"version-history":[{"count":1,"href":"https:\/\/www.patriarcatovenezia.it\/caritas\/wp-json\/wp\/v2\/posts\/874\/revisions"}],"predecessor-version":[{"id":876,"href":"https:\/\/www.patriarcatovenezia.it\/caritas\/wp-json\/wp\/v2\/posts\/874\/revisions\/876"}],"wp:featuredmedia":[{"embeddable":true,"href":"https:\/\/www.patriarcatovenezia.it\/caritas\/wp-json\/wp\/v2\/media\/894"}],"wp:attachment":[{"href":"https:\/\/www.patriarcatovenezia.it\/caritas\/wp-json\/wp\/v2\/media?parent=874"}],"wp:term":[{"taxonomy":"category","embeddable":true,"href":"https:\/\/www.patriarcatovenezia.it\/caritas\/wp-json\/wp\/v2\/categories?post=874"},{"taxonomy":"post_tag","embeddable":true,"href":"https:\/\/www.patriarcatovenezia.it\/caritas\/wp-json\/wp\/v2\/tags?post=874"}],"curies":[{"name":"wp","href":"https:\/\/api.w.org\/{rel}","templated":true}]}}