{"id":814,"date":"2021-02-23T08:59:28","date_gmt":"2021-02-23T07:59:28","guid":{"rendered":"https:\/\/venezia.webdiocesi.it\/caritas\/?p=814"},"modified":"2021-02-23T08:59:28","modified_gmt":"2021-02-23T07:59:28","slug":"prima-la-casa-progetto-della-caritas-veneziana-per-i-migranti","status":"publish","type":"post","link":"https:\/\/www.patriarcatovenezia.it\/caritas\/2021\/02\/23\/prima-la-casa-progetto-della-caritas-veneziana-per-i-migranti\/","title":{"rendered":"\u201cPrima la casa\u201d: progetto della Caritas veneziana per i migranti"},"content":{"rendered":"<p>Prima di tutto dare una casa: prosegue l\u2019impegno della Caritas veneziana a favore di quei migranti che si trovano in grave difficolt\u00e0 nella ricerca abitativa.<\/p>\n<p>Nasce cos\u00ec il progetto \u201cPrima la casa\u201d: si stanno approntando due appartamenti nel mestrino, per avviare un progetto pilota per l\u2019anno 2021, della la durata di 12 mesi. Si prevede che i beneficiari possano usufruire dell\u2019accoglienza per 6 mesi, al massimo rinnovabili una volta. Alla data del contratto di affitto nel nuovo appartamento si aggiungono 3 mesi di accompagnamento di sostegno e monitoraggio per le pulizie e il mantenimento dell\u2019immobile.<\/p>\n<p>Il progetto nasce dal fatto che Caritas Veneziana, da qualche anno, si sta infatti confrontando e interrogando sul tema immigrazione, vivendo pienamente l\u2019epoca degli spostamenti di una gran quantit\u00e0 di persone che, in particolare dall\u2019Africa, cercano di arrivare in Europa.<\/p>\n<p>Questo progetto, dunque, costituisce, nelle intenzioni di Caritas Veneziana, una modalit\u00e0 concreta di continuare il servizio verso i migranti al di fuori della convenzione con la Prefettura, come gi\u00e0 anticipato da GV nei numeri precedenti, insieme all\u2019accompagnamento di tutte le altre forme di povert\u00e0 e di marginalit\u00e0.<\/p>\n<p>Il progetto \u00e8 appunto un \u201cpilota\u201d: la Caritas sta studiando le modalit\u00e0 per poterlo sviluppare attraverso un coordinamento tra diversi soggetti operatori: i volontari della Caritas diocesana per la ricerca abitativa, le agenzie immobiliari, gli enti no profit che lavorano con stranieri, gli uffici pubblici per la residenzialit\u00e0, privati disponibili ad accogliere migranti e, non ultime in importanza, le parrocchie.<\/p>\n<p>L\u2019idea del presente \u201cprogetto pilota\u201d, prende vita dall\u2019ipotesi di modificare la gestione degli immobili ex-CAS, ispirandosi alla ricerca abitativa gi\u00e0 svolta durante l\u2019accoglienza prefettizia e condivisa con altre realt\u00e0 del territorio, puntando a diffondere la cultura dell\u2019accoglienza nel terziario dedicato \u201call\u2019abitare\u201d, ponendo per\u00f2 al centro lo straniero che sia alla ricerca di una soluzione abitativa di medio-lungo periodo; da un lato facendosi egli direttamente carico di parte delle spese dell\u2019appartamento, dall\u2019altro affiancato da operatori dedicati alla ricerca e inserimento abitativo.<\/p>\n<p>Infatti, mentre nei CAS (Centri di Accoglienza Straordinaria) gli ospiti sono inseriti in un contesto ministeriale che \u00e8 affidato nella prassi ad un ente gestore che garantisce i servizi del capitolato agli ospiti richiedenti asilo, sostenendo le spese di ogni aspetto della vita delle persone ospiti e supportandoli altrettanto tramite l\u2019operato dell\u2019\u00e9quipe multidisciplinare, nel caso presente, al contrario, la persona \u00e8 sostenuta precipuamente nella ricerca abitativa, auto-sostentandosi per\u00f2 in completa autonomia e facendo fronte da s\u00e9 agli aspetti personali (per es. vitto, documenti, lavoro). In questo gli operatori sono funzionali alla ricerca e mediazione abitativa, oltre al monitoraggio dell\u2019immobile, concentrandosi su questo aspetto.<\/p>\n<p><a href=\"https:\/\/www.genteveneta.it\/diocesi\/17164\/\">[articolo di Marco Zane su Gente Veneta]<\/a><\/p>\n","protected":false},"excerpt":{"rendered":"<p>Prima di tutto dare una casa: prosegue l\u2019impegno della Caritas veneziana a favore di quei migranti che si trovano in grave difficolt\u00e0 nella ricerca abitativa. Nasce cos\u00ec il progetto \u201cPrima la casa\u201d: si stanno approntando due appartamenti nel mestrino, per avviare un progetto pilota per l\u2019anno 2021, della la durata di 12 mesi. Si prevede [&hellip;]<\/p>\n","protected":false},"author":0,"featured_media":815,"comment_status":"closed","ping_status":"open","sticky":false,"template":"","format":"standard","meta":{"_acf_changed":false,"ip_address":"","user_agent":"","level":"","revision":"","cookie_id":"","page_referer":"","html_form":"","footnotes":""},"categories":[65,2,11],"tags":[152,153,20,23,90,59,151,87,94,121],"class_list":["post-814","post","type-post","status-publish","format-standard","has-post-thumbnail","hentry","category-caritas-diocesana","category-notizie","category-progetti","tag-accompagnamento","tag-affitto","tag-caritas","tag-casa","tag-migranti","tag-monitoraggio","tag-prima","tag-progetto","tag-sostegno","tag-veneziana"],"acf":[],"_links":{"self":[{"href":"https:\/\/www.patriarcatovenezia.it\/caritas\/wp-json\/wp\/v2\/posts\/814"}],"collection":[{"href":"https:\/\/www.patriarcatovenezia.it\/caritas\/wp-json\/wp\/v2\/posts"}],"about":[{"href":"https:\/\/www.patriarcatovenezia.it\/caritas\/wp-json\/wp\/v2\/types\/post"}],"author":[{"embeddable":true,"href":"https:\/\/www.patriarcatovenezia.it\/caritas\/wp-json\/wp\/v2\/users\/10"}],"replies":[{"embeddable":true,"href":"https:\/\/www.patriarcatovenezia.it\/caritas\/wp-json\/wp\/v2\/comments?post=814"}],"version-history":[{"count":1,"href":"https:\/\/www.patriarcatovenezia.it\/caritas\/wp-json\/wp\/v2\/posts\/814\/revisions"}],"predecessor-version":[{"id":816,"href":"https:\/\/www.patriarcatovenezia.it\/caritas\/wp-json\/wp\/v2\/posts\/814\/revisions\/816"}],"wp:featuredmedia":[{"embeddable":true,"href":"https:\/\/www.patriarcatovenezia.it\/caritas\/wp-json\/wp\/v2\/media\/815"}],"wp:attachment":[{"href":"https:\/\/www.patriarcatovenezia.it\/caritas\/wp-json\/wp\/v2\/media?parent=814"}],"wp:term":[{"taxonomy":"category","embeddable":true,"href":"https:\/\/www.patriarcatovenezia.it\/caritas\/wp-json\/wp\/v2\/categories?post=814"},{"taxonomy":"post_tag","embeddable":true,"href":"https:\/\/www.patriarcatovenezia.it\/caritas\/wp-json\/wp\/v2\/tags?post=814"}],"curies":[{"name":"wp","href":"https:\/\/api.w.org\/{rel}","templated":true}]}}