{"id":799,"date":"2020-12-28T08:52:16","date_gmt":"2020-12-28T07:52:16","guid":{"rendered":"https:\/\/venezia.webdiocesi.it\/caritas\/?p=799"},"modified":"2020-12-28T08:52:16","modified_gmt":"2020-12-28T07:52:16","slug":"accoglienza-e-integrazione-dei-migranti-la-diocesi-prosegue-con-il-suo-impegno","status":"publish","type":"post","link":"https:\/\/www.patriarcatovenezia.it\/caritas\/2020\/12\/28\/accoglienza-e-integrazione-dei-migranti-la-diocesi-prosegue-con-il-suo-impegno\/","title":{"rendered":"Accoglienza e integrazione dei migranti: la Diocesi prosegue con il suo impegno"},"content":{"rendered":"<p>L\u2019accoglienza di persone migranti continua e cresce nel Patriarcato di Venezia: cresce in tal senso l\u2019impegno da parte della Diocesi, ma con fondi propri, uscendo dal bando della Prefettura. Continua, ma con forme rinnovate e nel rispetto delle normative anti Covid, per favorire l\u2019accoglienza e il lavoro di integrazione culturale dei migranti proveniente da aree povere del mondo o da aree di guerra.<\/p>\n<p>Da molti anni la Diocesi di Venezia ha sempre confermato e proseguito con la Prefettura il protocollo per il bando di accoglienza diffusa dei migranti. La Caritas di Venezia decise di prolungare tale collaborazione, anche lo scorso anno quando, in occasione delle modifiche apportate dal Governo, che ebbero come conseguenza il ritiro di molte diocesi italiane, che preferirono interrompere. Il Patriarca di Venezia scelse, invece, di continuare con una ventina di ospiti. La quota di sostegno economico negli anni \u00e8 diminuita, ma insieme a questa \u00e8 notevolmente diminuita la dimensione di sostegno all\u2019inserimento socio-lavorativo, con un monte di ore minore, per pi\u00f9 persone e per pi\u00f9 figure professionali. Questo ha costretto pi\u00f9 volte, per non tagliare dei servizi e per rimanere nel bando, di sostenere con fondi propri della Caritas questi progetti.<\/p>\n<p>Insieme a questo, ultimamente, il peso burocratico richiesto dalle verifiche degli organi preposti \u00e8 diventato insostenibile per la struttura organizzativa della Caritas veneziana. \u00abI nostri collaboratori sono costretti a trascorrere pi\u00f9 ore alla scrivania per redigere lettere e modulo rubandolo all\u2019accompagnamento delle persone accolte\u00bb dichiara don Fabrizio Favaro, Vicario episcopale per l\u2019Amministrazione. Tempo che potrebbe esser dedicato invece alla cura delle persone. In sostanza si lavora pi\u00f9 per la burocrazia che per le persone.<\/p>\n<p>Ecco le ragioni per cui uscire dal bando con il Governo italiano per continuare l\u2019azione di accoglienza e integrazione delle persone attraverso il sostegno economico diretto della Chiesa Diocesana. Tale impegno sar\u00e0 portato avanti da casa S. Raffaele, che \u00e8 guardata con stima da molte realt\u00e0 di livello nazionale.<\/p>\n<p>Le tre strutture abitative che sono state fino ad ora utilizzate per i migranti in convenzione saranno ora impiegate dalla Caritas per offrire accoglienza temporanea a persone con difficolt\u00e0 abitativa oppure che accolgono un percorso di accompagnamento per uscire da situazioni di povert\u00e0 o marginalit\u00e0.<\/p>\n<p>Continua anche la scuola di lingua e cultura italiana che viene promossa dalla Fondazione Giovanni Paolo I in collaborazione con la Diocesi-Caritas. Continua il progetto Apri. Infine continua anche il progetto, appena partito, dei corridoi umanitari (ad esempio presso la parrocchia di Zelarino) e dei corridoi per studenti universitari stranieri.<\/p>\n<p>[articolo di Marco Zane su <a href=\"https:\/\/www.genteveneta.it\/diocesi\/accoglienza-e-integrazione-dei-migranti-la-diocesi-prosegue-con-il-suo-impegno\/\">genteveneta.it<\/a>]<\/p>\n","protected":false},"excerpt":{"rendered":"<p>L\u2019accoglienza di persone migranti continua e cresce nel Patriarcato di Venezia: cresce in tal senso l\u2019impegno da parte della Diocesi, ma con fondi propri, uscendo dal bando della Prefettura. Continua, ma con forme rinnovate e nel rispetto delle normative anti Covid, per favorire l\u2019accoglienza e il lavoro di integrazione culturale dei migranti proveniente da aree [&hellip;]<\/p>\n","protected":false},"author":0,"featured_media":800,"comment_status":"closed","ping_status":"open","sticky":false,"template":"","format":"standard","meta":{"_acf_changed":false,"ip_address":"","user_agent":"","level":"","revision":"","cookie_id":"","page_referer":"","html_form":"","footnotes":""},"categories":[65,1,2,11],"tags":[25,20,146,90,19],"class_list":["post-799","post","type-post","status-publish","format-standard","has-post-thumbnail","hentry","category-caritas-diocesana","category-caritas-italiana","category-notizie","category-progetti","tag-accoglienza","tag-caritas","tag-integrazione","tag-migranti","tag-venezia"],"acf":[],"_links":{"self":[{"href":"https:\/\/www.patriarcatovenezia.it\/caritas\/wp-json\/wp\/v2\/posts\/799"}],"collection":[{"href":"https:\/\/www.patriarcatovenezia.it\/caritas\/wp-json\/wp\/v2\/posts"}],"about":[{"href":"https:\/\/www.patriarcatovenezia.it\/caritas\/wp-json\/wp\/v2\/types\/post"}],"author":[{"embeddable":true,"href":"https:\/\/www.patriarcatovenezia.it\/caritas\/wp-json\/wp\/v2\/users\/10"}],"replies":[{"embeddable":true,"href":"https:\/\/www.patriarcatovenezia.it\/caritas\/wp-json\/wp\/v2\/comments?post=799"}],"version-history":[{"count":1,"href":"https:\/\/www.patriarcatovenezia.it\/caritas\/wp-json\/wp\/v2\/posts\/799\/revisions"}],"predecessor-version":[{"id":801,"href":"https:\/\/www.patriarcatovenezia.it\/caritas\/wp-json\/wp\/v2\/posts\/799\/revisions\/801"}],"wp:featuredmedia":[{"embeddable":true,"href":"https:\/\/www.patriarcatovenezia.it\/caritas\/wp-json\/wp\/v2\/media\/800"}],"wp:attachment":[{"href":"https:\/\/www.patriarcatovenezia.it\/caritas\/wp-json\/wp\/v2\/media?parent=799"}],"wp:term":[{"taxonomy":"category","embeddable":true,"href":"https:\/\/www.patriarcatovenezia.it\/caritas\/wp-json\/wp\/v2\/categories?post=799"},{"taxonomy":"post_tag","embeddable":true,"href":"https:\/\/www.patriarcatovenezia.it\/caritas\/wp-json\/wp\/v2\/tags?post=799"}],"curies":[{"name":"wp","href":"https:\/\/api.w.org\/{rel}","templated":true}]}}