{"id":796,"date":"2020-12-22T08:47:33","date_gmt":"2020-12-22T07:47:33","guid":{"rendered":"https:\/\/venezia.webdiocesi.it\/caritas\/?p=796"},"modified":"2020-12-22T08:47:33","modified_gmt":"2020-12-22T07:47:33","slug":"fondo-san-nicolo-inizia-la-fase-2-ci-sono-200mila-euro-per-le-famiglie-veneziane-in-difficolta-per-la-pandemia-2","status":"publish","type":"post","link":"https:\/\/www.patriarcatovenezia.it\/caritas\/2020\/12\/22\/fondo-san-nicolo-inizia-la-fase-2-ci-sono-200mila-euro-per-le-famiglie-veneziane-in-difficolta-per-la-pandemia-2\/","title":{"rendered":"Fondo San Nicol\u00f2, inizia la fase 2: ci sono 200mila euro per le famiglie veneziane in difficolt\u00e0 per la pandemia"},"content":{"rendered":"<p>Inizia la fase 2 per il Fondo diocesano \u201cSan Nicol\u00f2\u201d, lo strumento per il sostegno al reddito delle famiglie che si trovano in difficolt\u00e0 a causa della crisi economica generata dalla pandemia. Ora diventer\u00e0 un segno concreto per andare incontro anche ai giovani in difficolt\u00e0, ai lavoratori in crisi ed espulsi dai processi produttivi, alle nuove forme di povert\u00e0.<\/p>\n<p>Il Fondo era stato costituito per volere del Patriarca Francesco: tale Fondo aveva come prima finalit\u00e0 la manifestazione della vicinanza della Chiesa veneziana a quelle famiglie che, a causa dell\u2019epidemia in atto, hanno perso il sostentamento (totale o parziale) in conseguenza di una drastica riduzione delle possibilit\u00e0 lavorative.<\/p>\n<p>Nella prima fase il Fondo ha consentito di far fronte ad emergenze assolute, collegate alla rapidissima chiusura delle attivit\u00e0 produttive. Fino ad oggi sono state vagliate circa 150 domande di accesso e sono stati erogati pi\u00f9 di 100.000 euro di contributi.<\/p>\n<p>Ora emerge la necessit\u00e0 di promuovere una seconda fase di intervento attraverso il Fondo San Nicol\u00f2 rimodulando il bando e il regolamento, rivolto a recepire le necessit\u00e0 delle famiglie e dei giovani in difficolt\u00e0, dei lavoratori in crisi ed espulsi dai processi produttivi, delle nuove forme di povert\u00e0. Per far fronte alle nuove povert\u00e0 famigliari il Patriarca di Venezia ha deciso di mantenere la dotazione economica del fondo per 200 mila euro.<\/p>\n<p>I destinatari sono individuati cos\u00ec: disoccupati\/inoccupati a causa della crisi causata dal virus Covid-19 e delle conseguenze da questa determinate sul sistema economico. Lavoratori espulsi dai processi produttivi; lavoratori precari, stagionali (ad esempio nel settore del turismo), occasionali, che stentano a reinserirsi nel mercato del lavoro causa Covid; lavoratori autonomi colpiti dalla crisi; lavoratori in cassa integrazione, anche parziale, che non percepiscono ancora l\u2019emolumento.<\/p>\n<p>I requisiti fondamentali per accedere al fondo fanno riferimento alla condizione economica e sociale della famiglia o delle singole persone che si propongono per l\u2019intervento. Va dimostrato il collegamento tra la critica condizione lavorativa e\/o economica delle persone e la crisi da Covid-19, anche in termini di prospettive di recupero pi\u00f9 o meno lunghe nel tempo. Non bisogna avere finanziamenti gi\u00e0 in atto con il Fondo San Matteo contro l\u2019usura.<\/p>\n<p>\u00c8 necessario, infine, trovarsi al di sotto della soglia della povert\u00e0 assoluta (meno di 400 euro al mese per ogni componente il nucleo familiare). Verranno comunque tenute in considerazione anche situazioni di disabilit\u00e0, di gravi e permanenti infermit\u00e0, di morosit\u00e0 significativa nel pagamento di affitti, bollette, ratei di mutui, ecc.<\/p>\n<p>Particolare attenzione sar\u00e0 dedicata a valutare con attenzione le domande provenienti da nuclei familiari numerosi (fatti salvi anche gli altri requisiti precedentemente esposti) che versano in condizioni economiche particolarmente critiche, per favorire il pieno sviluppo educativo e sociale dei giovani.<\/p>\n<p>La situazione di percettori di altri sussidi pubblici verr\u00e0 analizzata in funzione della situazione generale del richiedente e della sua famiglia.<\/p>\n<p>Considerata la specificit\u00e0 e le caratteristiche del bando Fondo San Nicol\u00f2-fase 2, possono presentare ulteriore domanda anche coloro che hanno gi\u00e0 ricevuto un sostegno nella fase 1 del Fondo, qualora ricorrano i requisiti prima esposti.<br \/>\nLa domanda pu\u00f2 essere presentata attraverso la compilazione del form on line, alla quale seguir\u00e0 un colloquio con il Centro di Ascolto della Caritas Veneziana. Va inoltre compilato il modulo di domanda \u201cRichiesta di contributo\u201d, anche usufruendo del servizio di assistenza del centro Acli di Marghera, via Ulloa n. 3, cell. 333.188.76.49.<\/p>\n<p>[<a href=\"https:\/\/www.genteveneta.it\/diocesi\/fondo-san-nicolo-inizia-la-fase-2-ci-sono-200mila-euro-per-le-famiglie-veneziane-in-difficolta-per-la-pandemia\/\">Articolo di Marco Zane su Gente Veneta<\/a>]<\/p>\n","protected":false},"excerpt":{"rendered":"<p>Inizia la fase 2 per il Fondo diocesano \u201cSan Nicol\u00f2\u201d, lo strumento per il sostegno al reddito delle famiglie che si trovano in difficolt\u00e0 a causa della crisi economica generata dalla pandemia. Ora diventer\u00e0 un segno concreto per andare incontro anche ai giovani in difficolt\u00e0, ai lavoratori in crisi ed espulsi dai processi produttivi, alle [&hellip;]<\/p>\n","protected":false},"author":0,"featured_media":574,"comment_status":"closed","ping_status":"open","sticky":false,"template":"","format":"standard","meta":{"_acf_changed":false,"ip_address":"","user_agent":"","level":"","revision":"","cookie_id":"","page_referer":"","html_form":"","footnotes":""},"categories":[65,10,2],"tags":[72,138,73,70,71,94],"class_list":["post-796","post","type-post","status-publish","format-standard","has-post-thumbnail","hentry","category-caritas-diocesana","category-iniziative","category-notizie","tag-aiuto","tag-bisogno","tag-famiglie","tag-fondo","tag-san-nicolo","tag-sostegno"],"acf":[],"_links":{"self":[{"href":"https:\/\/www.patriarcatovenezia.it\/caritas\/wp-json\/wp\/v2\/posts\/796"}],"collection":[{"href":"https:\/\/www.patriarcatovenezia.it\/caritas\/wp-json\/wp\/v2\/posts"}],"about":[{"href":"https:\/\/www.patriarcatovenezia.it\/caritas\/wp-json\/wp\/v2\/types\/post"}],"author":[{"embeddable":true,"href":"https:\/\/www.patriarcatovenezia.it\/caritas\/wp-json\/wp\/v2\/users\/10"}],"replies":[{"embeddable":true,"href":"https:\/\/www.patriarcatovenezia.it\/caritas\/wp-json\/wp\/v2\/comments?post=796"}],"version-history":[{"count":1,"href":"https:\/\/www.patriarcatovenezia.it\/caritas\/wp-json\/wp\/v2\/posts\/796\/revisions"}],"predecessor-version":[{"id":798,"href":"https:\/\/www.patriarcatovenezia.it\/caritas\/wp-json\/wp\/v2\/posts\/796\/revisions\/798"}],"wp:featuredmedia":[{"embeddable":true,"href":"https:\/\/www.patriarcatovenezia.it\/caritas\/wp-json\/wp\/v2\/media\/574"}],"wp:attachment":[{"href":"https:\/\/www.patriarcatovenezia.it\/caritas\/wp-json\/wp\/v2\/media?parent=796"}],"wp:term":[{"taxonomy":"category","embeddable":true,"href":"https:\/\/www.patriarcatovenezia.it\/caritas\/wp-json\/wp\/v2\/categories?post=796"},{"taxonomy":"post_tag","embeddable":true,"href":"https:\/\/www.patriarcatovenezia.it\/caritas\/wp-json\/wp\/v2\/tags?post=796"}],"curies":[{"name":"wp","href":"https:\/\/api.w.org\/{rel}","templated":true}]}}