{"id":786,"date":"2020-11-20T16:00:09","date_gmt":"2020-11-20T15:00:09","guid":{"rendered":"https:\/\/venezia.webdiocesi.it\/caritas\/?p=786"},"modified":"2020-11-23T16:12:36","modified_gmt":"2020-11-23T15:12:36","slug":"dona-la-tua-candela-diventera-dono-le-candele-offerte-alla-madonna-della-salute-si-trasformano-in-opera-di-carita","status":"publish","type":"post","link":"https:\/\/www.patriarcatovenezia.it\/caritas\/2020\/11\/20\/dona-la-tua-candela-diventera-dono-le-candele-offerte-alla-madonna-della-salute-si-trasformano-in-opera-di-carita\/","title":{"rendered":"\u201cDona la tua candela, diventer\u00e0 dono\u201d: le candele offerte alla Madonna della Salute si trasformano in opera di carit\u00e0"},"content":{"rendered":"<p>[Articolo tratto da <a href=\"https:\/\/venezia.webdiocesi.it\/site\/dona-la-tua-candela-diventera-dono-le-candele-offerte-alla-madonna-della-salute-si-trasformano-in-opera-di-carita-2\/\">Gente Veneta<\/a>]<\/p>\n<p>Come gi\u00e0 anticipato nei giorni scorsi non sar\u00e0 possibile, nel giorno della Festa, accendere candele votive nella Basilica della Salute, al fine di evitare assembramenti di fedeli che possano costituire un rischio. Tuttavia il Patriarcato di Venezia ha deciso di consentire la possibilit\u00e0 di offrire un in dono i ceri, conservando la tradizione e aprendola alla possibilit\u00e0 di diventare gesto di carit\u00e0.<\/p>\n<p>Lungo il percorso che i fedeli percorreranno, all\u2019interno della Basilica della Salute, si troveranno dei cassoni di legno o delle ceste (contrassegnate con il manifesto allegato dove, tra l\u2019altro, i fedeli troveranno un codice QR dal quale ottenere informazioni): le candele votive depositate in questi contenitori saranno rivendute alle cererie e il ricavato della cera rifusa sar\u00e0 versato sul conto del Fondo S. Nicol\u00f2, strumento della Diocesi per aiutare la famiglie in difficolt\u00e0.<\/p>\n<p>L\u2019epidemia causata da virus Covid-19, dopo l\u2019emergenza sanitaria, sta infatti manifestando la gravissima crisi economica e sociale che interessa, purtroppo, un numero sempre maggiore di famiglie con quella che possiamo definire una \u00abpandemia sociale\u00bb.<\/p>\n<p>Per queste ragioni, gi\u00e0 da questa primavera, il Patriarca Francesco ha promosso la costituzione del \u201cFondo San Nicol\u00f2. Per la solidariet\u00e0 alle famiglie in tempo di Covid-19\u201d, per manifestare la prossimit\u00e0 della comunit\u00e0 ecclesiale veneziana e offrire un primo soccorso a quelle famiglie che, a causa della epidemia in atto, hanno perso ogni forma di sostentamento con la riduzione drastica delle possibilit\u00e0 lavorative.<\/p>\n<p>Trovate tutte le informazioni sul fondo sulla sezione apposita del sito del Patriarcato di Venezia:\u00a0<a href=\"https:\/\/venezia.webdiocesi.it\/fsn\/\">https:\/\/venezia.webdiocesi.it\/fsn\/<\/a><\/p>\n","protected":false},"excerpt":{"rendered":"<p>[Articolo tratto da Gente Veneta] Come gi\u00e0 anticipato nei giorni scorsi non sar\u00e0 possibile, nel giorno della Festa, accendere candele votive nella Basilica della Salute, al fine di evitare assembramenti di fedeli che possano costituire un rischio. Tuttavia il Patriarcato di Venezia ha deciso di consentire la possibilit\u00e0 di offrire un in dono i ceri, [&hellip;]<\/p>\n","protected":false},"author":0,"featured_media":787,"comment_status":"closed","ping_status":"open","sticky":false,"template":"","format":"standard","meta":{"_acf_changed":false,"ip_address":"","user_agent":"","level":"","revision":"","cookie_id":"","page_referer":"","html_form":"","footnotes":""},"categories":[65,64,10,2],"tags":[43,50,73,70,136,137,71],"class_list":["post-786","post","type-post","status-publish","format-standard","has-post-thumbnail","hentry","category-caritas-diocesana","category-emergenza-covid-19","category-iniziative","category-notizie","tag-coronavirus","tag-covid-19","tag-famiglie","tag-fondo","tag-madonna","tag-salute","tag-san-nicolo"],"acf":[],"_links":{"self":[{"href":"https:\/\/www.patriarcatovenezia.it\/caritas\/wp-json\/wp\/v2\/posts\/786"}],"collection":[{"href":"https:\/\/www.patriarcatovenezia.it\/caritas\/wp-json\/wp\/v2\/posts"}],"about":[{"href":"https:\/\/www.patriarcatovenezia.it\/caritas\/wp-json\/wp\/v2\/types\/post"}],"author":[{"embeddable":true,"href":"https:\/\/www.patriarcatovenezia.it\/caritas\/wp-json\/wp\/v2\/users\/10"}],"replies":[{"embeddable":true,"href":"https:\/\/www.patriarcatovenezia.it\/caritas\/wp-json\/wp\/v2\/comments?post=786"}],"version-history":[{"count":1,"href":"https:\/\/www.patriarcatovenezia.it\/caritas\/wp-json\/wp\/v2\/posts\/786\/revisions"}],"predecessor-version":[{"id":788,"href":"https:\/\/www.patriarcatovenezia.it\/caritas\/wp-json\/wp\/v2\/posts\/786\/revisions\/788"}],"wp:featuredmedia":[{"embeddable":true,"href":"https:\/\/www.patriarcatovenezia.it\/caritas\/wp-json\/wp\/v2\/media\/787"}],"wp:attachment":[{"href":"https:\/\/www.patriarcatovenezia.it\/caritas\/wp-json\/wp\/v2\/media?parent=786"}],"wp:term":[{"taxonomy":"category","embeddable":true,"href":"https:\/\/www.patriarcatovenezia.it\/caritas\/wp-json\/wp\/v2\/categories?post=786"},{"taxonomy":"post_tag","embeddable":true,"href":"https:\/\/www.patriarcatovenezia.it\/caritas\/wp-json\/wp\/v2\/tags?post=786"}],"curies":[{"name":"wp","href":"https:\/\/api.w.org\/{rel}","templated":true}]}}