{"id":777,"date":"2020-11-12T10:08:39","date_gmt":"2020-11-12T09:08:39","guid":{"rendered":"https:\/\/venezia.webdiocesi.it\/caritas\/?p=777"},"modified":"2020-11-12T10:08:39","modified_gmt":"2020-11-12T09:08:39","slug":"caritas-a-mestre-prosegue-in-presenza-la-scuola-per-stranieri-ma-e-pronta-per-un-possibile-lockdown","status":"publish","type":"post","link":"https:\/\/www.patriarcatovenezia.it\/caritas\/2020\/11\/12\/caritas-a-mestre-prosegue-in-presenza-la-scuola-per-stranieri-ma-e-pronta-per-un-possibile-lockdown\/","title":{"rendered":"Caritas a Mestre, prosegue in presenza la scuola per stranieri (ma \u00e8 pronta per un possibile lockdown)"},"content":{"rendered":"<p style=\"text-align: right\">[Articolo di Marco Zane su <a href=\"https:\/\/www.genteveneta.it\/mestre\/caritas-a-mestre-prosegue-in-presenza-la-scuola-per-stranieri-ma-e-pronta-per-un-possibile-lockdown\/\">Gente Veneta<\/a>]<\/p>\n<p>La scuola di italiano della Caritas veneziana non si \u00e8 fermata. Ma lavora gi\u00e0 per prevedere e anticipare un possibile lockdown. Lo racconta a Gente Veneta la responsabile, Laura Alquati, che presso la sede Caritas di via Querini a Mestre cura i corsi di lingua italiana per stranieri, ancora in presenza, perch\u00e9 in realt\u00e0 la normativa consente di farlo: la classe di concorso A23 \u00e8 inquadrata come una scuola media inferiore.<\/p>\n<p>\u00abAbbiamo studiato un protocollo molto severo \u2013 spiega la Alquati -: un volontario durante il cambio delle lezioni fa in modo che la classe uscente non incroci quella che entra; i locali vengono igienizzati da una cooperativa (che sanifica anche la segreteria); vi \u00e8 la verifica della temperatura. Gli studenti partecipano seduti su sedie da sala conferenze adeguatamente distanziati. Teniamo le finestre sempre aperte\u00bb.<\/p>\n<p>Al momento ci sono 30 iscritti (14 per classe, per due sezioni: un livello elementare e uno intermedio). La zona geografica di provenienza pi\u00f9 rappresentata \u00e8 il Bangladesh; seguono macedoni e turchi, qualche sudamericano. La presenza africana \u00e8 in calo.<\/p>\n<p>La scuola vive delle limitazioni numeriche per i corsi, ma ci sono state molto richieste per il livello principianti. Lo spazio \u00e8 limitato, quindi vi sono 14 studenti per classe, con un livello \u201ca scavalco\u201d dei corsi, in modo da poter tenere insieme insegnamenti di grado diverso.<\/p>\n<p>\u00abIn questa parte iniziale dei corsi si sta facendo anche una educazione digitale per prevenire una eventuale interruzione \u2013 continua Laura Alquati \u2013 . Vi sono molte donne che a marzo si erano trovate in difficolt\u00e0 con i figli per la didattica a distanza, ma paradossalmente sono state pi\u00f9 avvantaggiate degli uomini perch\u00e9 hanno potuto sfruttare gli strumenti dati ai figli da molte realt\u00e0 pubbliche. Questo ha favorito anche noi: hanno usato i supporti dati ai figli per i nostri corsi\u00bb.<\/p>\n<p>La scuola \u00e8 nata con utenza Caritas, quindi spesso con migranti o senza fissa dimora. Per le lezioni digitali si dovranno perci\u00f2 usare molto gli smartphone: \u00abL\u2019idea, gi\u00e0 anticipata nel precedente lock-down, \u00e8 sfruttare le videochiamate di gruppo su WhatsApp e Zoom su telefonino. Ovviamente la condivisione delle slides \u00e8 difficile, quindi usiamo i libri e delle applicazioni di condivisione da usare con i social. Il cartaceo aiuta a mediare il digitale. Stiamo distribuendo i testi\u00bb. Una sorta di sintesi tra metodi tradizionali e metodi innovativi.<\/p>\n<p>Ma la scuola ha anche un sogno nel cassetto: far ripartire e ampliare l\u2019offerta formativa con un canale online, facendo tesoro di quanto fatto, a livello sperimentale (e di necessit\u00e0), durante l\u2019ultimo lockdown.<\/p>\n","protected":false},"excerpt":{"rendered":"<p>[Articolo di Marco Zane su Gente Veneta] La scuola di italiano della Caritas veneziana non si \u00e8 fermata. Ma lavora gi\u00e0 per prevedere e anticipare un possibile lockdown. Lo racconta a Gente Veneta la responsabile, Laura Alquati, che presso la sede Caritas di via Querini a Mestre cura i corsi di lingua italiana per stranieri, [&hellip;]<\/p>\n","protected":false},"author":0,"featured_media":778,"comment_status":"closed","ping_status":"open","sticky":false,"template":"","format":"standard","meta":{"_acf_changed":false,"ip_address":"","user_agent":"","level":"","revision":"","cookie_id":"","page_referer":"","html_form":"","footnotes":""},"categories":[65,10,2],"tags":[130,116,131],"class_list":["post-777","post","type-post","status-publish","format-standard","has-post-thumbnail","hentry","category-caritas-diocesana","category-iniziative","category-notizie","tag-italiano","tag-scuola","tag-stranieri"],"acf":[],"_links":{"self":[{"href":"https:\/\/www.patriarcatovenezia.it\/caritas\/wp-json\/wp\/v2\/posts\/777"}],"collection":[{"href":"https:\/\/www.patriarcatovenezia.it\/caritas\/wp-json\/wp\/v2\/posts"}],"about":[{"href":"https:\/\/www.patriarcatovenezia.it\/caritas\/wp-json\/wp\/v2\/types\/post"}],"author":[{"embeddable":true,"href":"https:\/\/www.patriarcatovenezia.it\/caritas\/wp-json\/wp\/v2\/users\/10"}],"replies":[{"embeddable":true,"href":"https:\/\/www.patriarcatovenezia.it\/caritas\/wp-json\/wp\/v2\/comments?post=777"}],"version-history":[{"count":2,"href":"https:\/\/www.patriarcatovenezia.it\/caritas\/wp-json\/wp\/v2\/posts\/777\/revisions"}],"predecessor-version":[{"id":780,"href":"https:\/\/www.patriarcatovenezia.it\/caritas\/wp-json\/wp\/v2\/posts\/777\/revisions\/780"}],"wp:featuredmedia":[{"embeddable":true,"href":"https:\/\/www.patriarcatovenezia.it\/caritas\/wp-json\/wp\/v2\/media\/778"}],"wp:attachment":[{"href":"https:\/\/www.patriarcatovenezia.it\/caritas\/wp-json\/wp\/v2\/media?parent=777"}],"wp:term":[{"taxonomy":"category","embeddable":true,"href":"https:\/\/www.patriarcatovenezia.it\/caritas\/wp-json\/wp\/v2\/categories?post=777"},{"taxonomy":"post_tag","embeddable":true,"href":"https:\/\/www.patriarcatovenezia.it\/caritas\/wp-json\/wp\/v2\/tags?post=777"}],"curies":[{"name":"wp","href":"https:\/\/api.w.org\/{rel}","templated":true}]}}