{"id":769,"date":"2020-10-28T08:19:33","date_gmt":"2020-10-28T07:19:33","guid":{"rendered":"https:\/\/venezia.webdiocesi.it\/caritas\/?p=769"},"modified":"2020-10-28T08:19:33","modified_gmt":"2020-10-28T07:19:33","slug":"iv-giornata-mondiale-dei-poveri","status":"publish","type":"post","link":"https:\/\/www.patriarcatovenezia.it\/caritas\/2020\/10\/28\/iv-giornata-mondiale-dei-poveri\/","title":{"rendered":"IV Giornata Mondiale dei Poveri"},"content":{"rendered":"<p>Si celebrer\u00e0 domenica 15 novembre 2020 (XXXIII del Tempo Ordinario) la\u00a0<strong>quarta Giornata Mondiale dei Poveri<\/strong>, che Papa Francesco ha dedicato al tema\u00a0<a href=\"http:\/\/www.vatican.va\/content\/francesco\/it\/events\/event.dir.html\/content\/vaticanevents\/it\/2020\/6\/13\/messaggio-giornata-poveri.html\" target=\"_blank\" rel=\"noopener\">\u201cTendi la tua mano al povero\u201d<\/a>\u00a0(cfr Sir 7,32), titolo del\u00a0<a href=\"http:\/\/www.pcpne.va\/content\/pcpne\/it\/attivita\/gmdp\/2020\/conferenza-stampa.html\" target=\"_blank\" rel=\"noopener\">Messaggio diffuso il 13 giugno scorso<\/a>.<\/p>\n<p>\u00abIl Papa &#8211; commenta\u00a0<strong>don Francesco Soddu<\/strong>, Direttore di Caritas Italiana &#8211; ritorna su temi a lui cari quali l\u2019invito a superare le barriere dell\u2019indifferenza e la globalizzazione dell\u2019indifferenza. L\u2019indagine sulla sapienza condotta dall\u2019autore del libro del Siracide tende alla ricerca di ci\u00f2 che \u00e8 capace di rendere gli uomini migliori e questa indagine si svolge in un particolare periodo di criticit\u00e0 del popolo, per cui il primo pensiero, preoccupazione dell\u2019autore \u00e8 quella di affidarsi a Dio. Anche oggi\u00a0<a href=\"https:\/\/www.caritas.it\/home_page\/attivita_\/00008661_Emergenza_COVID_19.html\">la pandemia ci sta mettendo a dura prova<\/a>, eppure in ogni povert\u00e0 si ha l\u2019opportunit\u00e0 d\u2019incontrare il Signore, come lui stesso ci ha detto. Tutti sentiamo il bisogno di una mano tesa, tutti sperimentiamo povert\u00e0 e fragilit\u00e0. Nello stesso tempo tutti comprendiamo che possiamo essere portatori di speranza per gli altri. Come sempre dunque una realt\u00e0 di crisi pu\u00f2 costituire anche, con la grazia di Dio e l\u2019impegno degli uomini, occasione di crescita\u00bb.<\/p>\n<p><a href=\"http:\/\/www.vatican.va\/content\/francesco\/it\/events\/event.dir.html\/content\/vaticanevents\/it\/2020\/6\/13\/messaggio-giornata-poveri.html\" target=\"_blank\" rel=\"noopener\">Messaggio per la IV Giornata mondiale dei Poveri<\/a><\/p>\n<div><a href=\"https:\/\/www.caritas.it\/pls\/caritasitaliana\/v3_s2ew_consultazione.redir_allegati_doc?p_id_pagina=9124&amp;p_id_allegato=7533&amp;p_url_rimando=\/caritasitaliana\/allegati\/9124\/IV_Giornata_poveri_Soddu.pdf\" target=\"_blank\" rel=\"noopener\">Commento di don Francesco Soddu<\/a><\/div>\n<p>&nbsp;<\/p>\n<p>[Articolo di <a href=\"https:\/\/www.caritas.it\/home_page\/area_stampa\/00009124_IV_Giornata_mondiale_dei_Poveri__15_novembre_2020_.html\">caritas.it<\/a>]<\/p>\n","protected":false},"excerpt":{"rendered":"<p>Si celebrer\u00e0 domenica 15 novembre 2020 (XXXIII del Tempo Ordinario) la\u00a0quarta Giornata Mondiale dei Poveri, che Papa Francesco ha dedicato al tema\u00a0\u201cTendi la tua mano al povero\u201d\u00a0(cfr Sir 7,32), titolo del\u00a0Messaggio diffuso il 13 giugno scorso. \u00abIl Papa &#8211; commenta\u00a0don Francesco Soddu, Direttore di Caritas Italiana &#8211; ritorna su temi a lui cari quali l\u2019invito [&hellip;]<\/p>\n","protected":false},"author":0,"featured_media":770,"comment_status":"closed","ping_status":"open","sticky":false,"template":"","format":"standard","meta":{"_acf_changed":false,"ip_address":"","user_agent":"","level":"","revision":"","cookie_id":"","page_referer":"","html_form":"","footnotes":""},"categories":[1,12,2],"tags":[122,102,108,37],"class_list":["post-769","post","type-post","status-publish","format-standard","has-post-thumbnail","hentry","category-caritas-italiana","category-gmp","category-notizie","tag-122","tag-giornata","tag-mondiale","tag-poveri"],"acf":[],"_links":{"self":[{"href":"https:\/\/www.patriarcatovenezia.it\/caritas\/wp-json\/wp\/v2\/posts\/769"}],"collection":[{"href":"https:\/\/www.patriarcatovenezia.it\/caritas\/wp-json\/wp\/v2\/posts"}],"about":[{"href":"https:\/\/www.patriarcatovenezia.it\/caritas\/wp-json\/wp\/v2\/types\/post"}],"author":[{"embeddable":true,"href":"https:\/\/www.patriarcatovenezia.it\/caritas\/wp-json\/wp\/v2\/users\/10"}],"replies":[{"embeddable":true,"href":"https:\/\/www.patriarcatovenezia.it\/caritas\/wp-json\/wp\/v2\/comments?post=769"}],"version-history":[{"count":1,"href":"https:\/\/www.patriarcatovenezia.it\/caritas\/wp-json\/wp\/v2\/posts\/769\/revisions"}],"predecessor-version":[{"id":771,"href":"https:\/\/www.patriarcatovenezia.it\/caritas\/wp-json\/wp\/v2\/posts\/769\/revisions\/771"}],"wp:featuredmedia":[{"embeddable":true,"href":"https:\/\/www.patriarcatovenezia.it\/caritas\/wp-json\/wp\/v2\/media\/770"}],"wp:attachment":[{"href":"https:\/\/www.patriarcatovenezia.it\/caritas\/wp-json\/wp\/v2\/media?parent=769"}],"wp:term":[{"taxonomy":"category","embeddable":true,"href":"https:\/\/www.patriarcatovenezia.it\/caritas\/wp-json\/wp\/v2\/categories?post=769"},{"taxonomy":"post_tag","embeddable":true,"href":"https:\/\/www.patriarcatovenezia.it\/caritas\/wp-json\/wp\/v2\/tags?post=769"}],"curies":[{"name":"wp","href":"https:\/\/api.w.org\/{rel}","templated":true}]}}