{"id":758,"date":"2020-10-16T08:23:25","date_gmt":"2020-10-16T06:23:25","guid":{"rendered":"https:\/\/venezia.webdiocesi.it\/caritas\/?p=758"},"modified":"2020-10-16T08:23:25","modified_gmt":"2020-10-16T06:23:25","slug":"spazio-parola-a-zelarino-un-sostegno-psicologico-contro-la-pendemia","status":"publish","type":"post","link":"https:\/\/www.patriarcatovenezia.it\/caritas\/2020\/10\/16\/spazio-parola-a-zelarino-un-sostegno-psicologico-contro-la-pendemia\/","title":{"rendered":"Spazio parola a Zelarino: un sostegno psicologico contro la pendemia"},"content":{"rendered":"<p>[Articolo di <a href=\"https:\/\/www.aclivenezia.it\/wordpress\/spazio-parola-a-zelarino-un-sostegno-piscologico-contro-la-pandemia\/\">aclivenezia.it<\/a>\u00a0del 13\/10\/2020]<\/p>\n<p>Uno\u00a0<strong>spazio gratuito<\/strong>\u00a0per affrontare il lato nascosto della crisi. E per affrontare uno dei bisogni principali emersi dal\u00a0<a href=\"https:\/\/www.aclivenezia.it\/wordpress\/indagine-acli-ripartiamo-preoccupati-piu-poveri-e-bisognosi-di-sostegno-psicologico\/\" target=\"_blank\" rel=\"noreferrer noopener\">sondaggio realizzato dalle Acli veneziane durante il lockdown<\/a>.\u00a0<strong>Da novembre<\/strong>\u00a0sar\u00e0 attivo anche presso la\u00a0<strong>nuova sede Acli di Zelarino<\/strong>\u00a0(in via Castellana 66\/G) il progetto\u00a0<strong>\u201cSpazio Parola\u201d<\/strong>, gi\u00e0 attivato dalla Caritas di Venezia nei mesi scorsi e ora potenziato proprio grazie alla nostra associazione.<\/p>\n<p>Il servizio consister\u00e0 in uno\u00a0<strong>sportello di ascolto e supporto psicologico<\/strong>, coordinato dalla psicologa e psicoterapeuta\u00a0<strong>Giuliana Tosetto<\/strong>. Sar\u00e0 rivolto in particolare a persone con<strong>\u00a0difficolt\u00e0 relazionali, economiche ed esistenziali<\/strong>, offrendo un\u2019opportunit\u00e0 per prevenire un disagio o scoprire come affrontare un problema psicologico. Attraverso lo sportello sar\u00e0 realizzata un\u2019azione di\u00a0<strong>prevenzione primaria<\/strong>, con un primo ascolto del disagio e un eventuale invio ai centri specialistici del territorio. Non saranno quindi offerti percorsi di tipo psicoterapico, ma solo di consultazione breve; similmente non saranno formulate diagnosi n\u00e9 prescritti trattamenti farmacologici. L\u2019acceso al servizio sar\u00e0 possibile esclusivamente\u00a0<strong>su appuntamento<\/strong>: fin da ora \u00e8 possibile prenotarsi telefonando al\u00a0<strong>340.8528998<\/strong>.<\/p>\n<p>Ma perch\u00e9 questo servizio in tempo di pandemia? Al di l\u00e0 del citato sondaggio realizzato dalle Acli, da numerose autorevoli fonti arrivano segnali d\u2019allarme per i \u201csegni\u201d lasciati dalla pandemia non solo sui corpi, ma anche sulle menti: sarebbero circa\u00a0<strong>300 mila gli italiani<\/strong>\u00a0che in questi mesi stanno convivendo con<strong>\u00a0disagi o disturbi psichici di varia natura e intensit\u00e0<\/strong>. \u201cSono state date risposte importanti all\u2019emergenza sanitaria \u2013 sottolinea la dottoressa Tosetto -. Si stanno facendo grandi sforzi finanziari per limitare la crisi economica. Ma quasi\u00a0<strong>nessuno sembra pensare alle enormi conseguenze<\/strong>\u00a0che questi mesi cos\u00ec particolari hanno e avranno\u00a0<strong>a livello psicologico<\/strong>\u201d.<\/p>\n<p>Se in generale stiamo soffrendo un po\u2019 tutti, ci sono delle categorie che sicuramente stanno risentendo di pi\u00f9 di questi mesi cos\u00ec particolari. \u201cDa un lato troviamo\u00a0<strong>bambini, ma anche adolescenti e ragazzi<\/strong>: il lockdown e la chiusura delle scuole hanno impedito per mesi la relazione tra pari, una fondamentale palestra di vita per crescere e formarsi. Le conseguenze di tutto ci\u00f2 non sono state prese in considerazione e, ancora oggi, il benessere dei pi\u00f9 giovani \u00e8 un tema ignorato. Dall\u2019altro lato ci sono gli\u00a0<strong>anziani<\/strong>. Anche per loro si sottovaluta l\u2019aspetto psicologico. Sottovalutiamo il senso d\u2019isolamento, la riduzione di contatti con figli e nipoti. Sottovalutiamo l\u2019angoscia di essere stati travolti per mesi da immagini di morte, proprio in un momento della propria vita in cui con la morte si comincia per forza a fare i conti. Oppure le conseguenze dell\u2019uso di un linguaggio \u201cdi guerra\u201d su persone che la guerra l\u2019hanno vissuta sul serio, riaprendo ferite e ricordi dolorosi sepolti nel passato\u201d.<\/p>\n<p>C\u2019\u00e8 infine il grande\u00a0<strong>mondo del lavoro<\/strong>. \u201cQuella per la crisi economica \u00e8\u00a0<strong>un\u2019angoscia trasversale<\/strong>\u00a0a tutte le fasce d\u2019et\u00e0 e a tutti i ceti. Tanti ancora non hanno ripreso a lavorare, per loro con la fine del lockdown \u00e8 cambiato ben poco. Quello che pi\u00f9 spaventa \u00e8 l\u2019<strong>incertezza<\/strong>. A maggior ragione per chi si ritrova da un giorno all\u2019altro a vivere una precariet\u00e0, lavorativa e quindi economica, a cui non era abituato\u201d.<\/p>\n<p>&nbsp;<\/p>\n","protected":false},"excerpt":{"rendered":"<p>[Articolo di aclivenezia.it\u00a0del 13\/10\/2020] Uno\u00a0spazio gratuito\u00a0per affrontare il lato nascosto della crisi. E per affrontare uno dei bisogni principali emersi dal\u00a0sondaggio realizzato dalle Acli veneziane durante il lockdown.\u00a0Da novembre\u00a0sar\u00e0 attivo anche presso la\u00a0nuova sede Acli di Zelarino\u00a0(in via Castellana 66\/G) il progetto\u00a0\u201cSpazio Parola\u201d, gi\u00e0 attivato dalla Caritas di Venezia nei mesi scorsi e ora potenziato [&hellip;]<\/p>\n","protected":false},"author":0,"featured_media":759,"comment_status":"closed","ping_status":"open","sticky":false,"template":"","format":"standard","meta":{"_acf_changed":false,"ip_address":"","user_agent":"","level":"","revision":"","cookie_id":"","page_referer":"","html_form":"","footnotes":""},"categories":[65,64,10,2,13],"tags":[126,123,125,94,44,47,19,124],"class_list":["post-758","post","type-post","status-publish","format-standard","has-post-thumbnail","hentry","category-caritas-diocesana","category-emergenza-covid-19","category-iniziative","category-notizie","category-servizi","tag-pandemia","tag-parola-acli","tag-psicologico","tag-sostegno","tag-spazio","tag-supporto","tag-venezia","tag-zelarino"],"acf":[],"_links":{"self":[{"href":"https:\/\/www.patriarcatovenezia.it\/caritas\/wp-json\/wp\/v2\/posts\/758"}],"collection":[{"href":"https:\/\/www.patriarcatovenezia.it\/caritas\/wp-json\/wp\/v2\/posts"}],"about":[{"href":"https:\/\/www.patriarcatovenezia.it\/caritas\/wp-json\/wp\/v2\/types\/post"}],"author":[{"embeddable":true,"href":"https:\/\/www.patriarcatovenezia.it\/caritas\/wp-json\/wp\/v2\/users\/10"}],"replies":[{"embeddable":true,"href":"https:\/\/www.patriarcatovenezia.it\/caritas\/wp-json\/wp\/v2\/comments?post=758"}],"version-history":[{"count":1,"href":"https:\/\/www.patriarcatovenezia.it\/caritas\/wp-json\/wp\/v2\/posts\/758\/revisions"}],"predecessor-version":[{"id":760,"href":"https:\/\/www.patriarcatovenezia.it\/caritas\/wp-json\/wp\/v2\/posts\/758\/revisions\/760"}],"wp:featuredmedia":[{"embeddable":true,"href":"https:\/\/www.patriarcatovenezia.it\/caritas\/wp-json\/wp\/v2\/media\/759"}],"wp:attachment":[{"href":"https:\/\/www.patriarcatovenezia.it\/caritas\/wp-json\/wp\/v2\/media?parent=758"}],"wp:term":[{"taxonomy":"category","embeddable":true,"href":"https:\/\/www.patriarcatovenezia.it\/caritas\/wp-json\/wp\/v2\/categories?post=758"},{"taxonomy":"post_tag","embeddable":true,"href":"https:\/\/www.patriarcatovenezia.it\/caritas\/wp-json\/wp\/v2\/tags?post=758"}],"curies":[{"name":"wp","href":"https:\/\/api.w.org\/{rel}","templated":true}]}}