{"id":678,"date":"2020-08-31T16:11:05","date_gmt":"2020-08-31T14:11:05","guid":{"rendered":"https:\/\/venezia.webdiocesi.it\/caritas\/?p=678"},"modified":"2020-08-31T16:11:05","modified_gmt":"2020-08-31T14:11:05","slug":"custodia-del-creato-e-stili-di-vita-un-nuovo-volume-caritas-edb-con-storie-e-testimonianze","status":"publish","type":"post","link":"https:\/\/www.patriarcatovenezia.it\/caritas\/2020\/08\/31\/custodia-del-creato-e-stili-di-vita-un-nuovo-volume-caritas-edb-con-storie-e-testimonianze\/","title":{"rendered":"Custodia del Creato e stili di vita: un nuovo volume Caritas-EDB con storie e testimonianze"},"content":{"rendered":"<p style=\"text-align: right\"><strong>[articolo di <a href=\"https:\/\/www.caritas.it\/pls\/caritasitaliana\/V3_S2EW_CONSULTAZIONE.mostra_pagina?id_pagina=9019&amp;rifi=guest&amp;rifp=guest\">Caritas Italiana<\/a>]<\/strong><\/p>\n<p>\u00abMarted\u00ec 1\u00b0 settembre \u2013 ha ricordato\u00a0<strong>papa Francesco<\/strong>\u00a0nell\u2019<a href=\"http:\/\/www.vatican.va\/content\/francesco\/it\/events\/event.dir.html\/content\/vaticanevents\/it\/2020\/8\/30\/angelus.html\" target=\"_blank\" rel=\"noopener\">Angelus di domenica 30 agosto<\/a>\u00a0\u2013 ricorre la\u00a0<strong>Giornata Mondiale di Preghiera per la Cura del Creat<\/strong>o. Da questa data, fino al 4 ottobre, celebreremo con i nostri fratelli cristiani di varie Chiese e tradizioni il \u2018Giubileo della Terra\u2019, per ricordare l\u2019istituzione, 50 anni fa, della Giornata della Terra\u00bb.<\/p>\n<p>A livello nazionale\u00a0<a href=\"https:\/\/lavoro.chiesacattolica.it\/15a-giornata-nazionale-per-la-custodia-del-creato\/\" target=\"_blank\" rel=\"noopener\">marted\u00ec 1\u00b0 settembre ricorre la 15\u00aa Giornata Nazionale per la custodia del Creato<\/a>\u00a0che ha come tema &#8220;Vivere in questo mondo con sobriet\u00e0, con giustizia e con piet\u00e0 (Tt 2,12). Per nuovi stili di vita&#8221;. Quest\u2019anno la celebrazione sar\u00e0 ospitata dalla diocesi di Ferrara-Comacchio e si svolger\u00e0 domenica 6 settembre 2020. \u00abLe preoccupazioni non mancano &#8211; scrivono i Vescovi delle due Commissioni, per i problemi sociali e il lavoro, la giustizia e la pace, e dell\u2019Ecumenismo e il dialogo, nel Messaggio diffuso per questa Giornata -: l\u2019appuntamento di quest\u2019anno ha il sapore amaro dell\u2019incertezza. Con san Paolo sentiamo davvero &#8220;che tutta la creazione geme e soffre le doglie del parto fino a oggi&#8221; (Rm 8,22). Solo la fede in Cristo ci spinge a guardare in avanti e a mettere la nostra vita al servizio del progetto di Dio sulla storia. Con questo sguardo, saldi nella speranza, ci impegniamo a convertire i nostri stili di vita, disponendoci a &#8220;vivere in questo mondo con sobriet\u00e0, con giustizia e con piet\u00e0&#8221; (Tt 2,12)\u00bb.<\/p>\n<p>I Vescovi sottolineano poi come l\u2019emergenza sanitaria abbia messo in luce \u201cun sistema socio-economico segnato dall\u2019inequit\u00e0 e dallo scarto, in cui troppo facilmente i pi\u00f9 fragili si trovano pi\u00f9 indifesi\u201d, ma anche \u201cuna capacit\u00e0 di reazione forte della popolazione, una disponibilit\u00e0 a collaborare\u201d. Occorre dunque recepire gli insegnamenti della Laudato si&#8217; e dare vita a tante iniziative per la salvaguardia del creato. In particolare per il\u00a0<a href=\"http:\/\/www.humandevelopment.va\/it\/news\/uniamoci-nella-celebrazione-del-tempo-del-creato.html\" target=\"_blank\" rel=\"noopener\">\u201cTempo del Creato\u201d (1 settembre \u2013 4 ottobre)<\/a>, la celebrazione annuale di preghiera e azione che quest\u2019anno \u00e8 dedicata al Giubileo della Terra, l\u2019invito \u00e8 a elaborare una strategia educativa integrale, che abbia anche dei risvolti politici e sociali e a operare in sinergia con quanti nella societ\u00e0 civile si impegnano nello stesso spirito, per promuovere scelte radicali per la salvaguardia dell&#8217;ambiente.<\/p>\n<p><img loading=\"lazy\" decoding=\"async\" src=\"https:\/\/www.caritas.it\/pls\/caritasitaliana\/v3_s2ew_consultazione.redir_allegati_doc?p_id_pagina=9019&amp;p_id_allegato=7399&amp;p_url_rimando=\/caritasitaliana\/allegati\/9019\/COPERTINA_fiore_web.jpg\" alt=\"\" width=\"250\" height=\"444\" align=\"right\" \/>Si offrono cos\u00ec spunti e si gettano semi per ripensare la qualit\u00e0 della vita umana dentro una fitta rete di relazioni e interazioni che richiedono una cura quotidiana dei nodi pi\u00f9 fragili e vulnerabili, come mostrano le testimonianze raccolte nel volume \u201c<a href=\"https:\/\/www.dehoniane.it\/9788810559666-ci-vuole-un-fiore\" target=\"_blank\" rel=\"noopener\">Ci vuole un fiore. Dal degrado alla cura dell\u2019ambiente<\/a>\u201d, il nuovo libro della serie &#8220;VivaVoce&#8221; dell&#8217;EDB, a cura di\u00a0<strong>Paolo Beccegato<\/strong>\u00a0e\u00a0<strong>Renato Marinaro<\/strong>\u00a0di Caritas Italiana, in uscita proprio in questi giorni. Nell&#8217;<a href=\"http:\/\/www.vatican.va\/content\/francesco\/it\/audiences\/2020\/documents\/papa-francesco_20200826_udienza-generale.html\" target=\"_blank\" rel=\"noopener\">udienza generale del 26 agosto scorso<\/a>\u00a0<strong>Papa Francesco\u00a0<\/strong>aveva sottolineato: \u00abQuando l\u2019ossessione di possedere e dominare esclude milioni di persone dai beni primari; quando la disuguaglianza economica e tecnologica \u00e8 tale da lacerare il tessuto sociale; e quando la dipendenza da un progresso materiale illimitato minaccia la casa comune, allora non possiamo stare a guardare. No, questo \u00e8 desolante. Non possiamo stare a guardare! Con lo sguardo fisso su Ges\u00f9 (cfr Eb 12,2) e con la certezza che il suo amore opera mediante la comunit\u00e0 dei suoi discepoli, dobbiamo agire tutti insieme, nella speranza di generare qualcosa di diverso e di meglio. La speranza cristiana, radicata in Dio, \u00e8 la nostra \u00e0ncora. Essa sostiene la volont\u00e0 di condividere, rafforzando la nostra missione come discepoli di Cristo, il quale ha condiviso tutto con noi\u00bb.<\/p>\n<p>Il libro segue i cinque gi\u00e0 pubblicati dagli stessi autori dal titolo &#8220;<a href=\"https:\/\/www.caritas.it\/home_page\/area_stampa\/00007630_Ragazzi_in_panchina__novembre_2017_.html\">Ragazzi in panchina. Storie di giovani che non studiano e non lavorano<\/a>&#8221; (EDB 2017), &#8220;<a href=\"https:\/\/www.caritas.it\/home_page\/area_stampa\/00007643_Rifarsi_una_vita__Maggio_2018_.html\">Rifarsi una vita. Storie oltre il carcere<\/a>&#8221; (EDB 2018), &#8220;<a href=\"https:\/\/www.caritas.it\/home_page\/area_stampa\/00007925_Falsi_miti__novembre_2018_.html\">Falsi miti. Storie di migranti oltre i luoghi comuni e le fake news<\/a>&#8221; (EDB 2018), &#8220;<a href=\"https:\/\/www.caritas.it\/home_page\/area_stampa\/00008245_Uno_zaino_da_riempire__giugno_2019_.html\">Uno zaino da riempire. Storie di povert\u00e0 educativa dei giovani e degli adulti<\/a>&#8221; (EDB 2019) e &#8220;<a href=\"https:\/\/www.caritas.it\/home_page\/area_stampa\/00008446_Per_piccina_che_tu_sia.html\">Per piccina che tu sia. Quando la casa diventa un problema<\/a>&#8221; (EDB 2019).<\/p>\n","protected":false},"excerpt":{"rendered":"<p>[articolo di Caritas Italiana] \u00abMarted\u00ec 1\u00b0 settembre \u2013 ha ricordato\u00a0papa Francesco\u00a0nell\u2019Angelus di domenica 30 agosto\u00a0\u2013 ricorre la\u00a0Giornata Mondiale di Preghiera per la Cura del Creato. Da questa data, fino al 4 ottobre, celebreremo con i nostri fratelli cristiani di varie Chiese e tradizioni il \u2018Giubileo della Terra\u2019, per ricordare l\u2019istituzione, 50 anni fa, della Giornata [&hellip;]<\/p>\n","protected":false},"author":0,"featured_media":679,"comment_status":"closed","ping_status":"open","sticky":false,"template":"","format":"standard","meta":{"_acf_changed":false,"ip_address":"","user_agent":"","level":"","revision":"","cookie_id":"","page_referer":"","html_form":"","footnotes":""},"categories":[1,2],"tags":[110,107,77,102,109,108],"class_list":["post-678","post","type-post","status-publish","format-standard","has-post-thumbnail","hentry","category-caritas-italiana","category-notizie","tag-ambiente","tag-creato","tag-cura","tag-giornata","tag-libro","tag-mondiale"],"acf":[],"_links":{"self":[{"href":"https:\/\/www.patriarcatovenezia.it\/caritas\/wp-json\/wp\/v2\/posts\/678"}],"collection":[{"href":"https:\/\/www.patriarcatovenezia.it\/caritas\/wp-json\/wp\/v2\/posts"}],"about":[{"href":"https:\/\/www.patriarcatovenezia.it\/caritas\/wp-json\/wp\/v2\/types\/post"}],"author":[{"embeddable":true,"href":"https:\/\/www.patriarcatovenezia.it\/caritas\/wp-json\/wp\/v2\/users\/10"}],"replies":[{"embeddable":true,"href":"https:\/\/www.patriarcatovenezia.it\/caritas\/wp-json\/wp\/v2\/comments?post=678"}],"version-history":[{"count":2,"href":"https:\/\/www.patriarcatovenezia.it\/caritas\/wp-json\/wp\/v2\/posts\/678\/revisions"}],"predecessor-version":[{"id":681,"href":"https:\/\/www.patriarcatovenezia.it\/caritas\/wp-json\/wp\/v2\/posts\/678\/revisions\/681"}],"wp:featuredmedia":[{"embeddable":true,"href":"https:\/\/www.patriarcatovenezia.it\/caritas\/wp-json\/wp\/v2\/media\/679"}],"wp:attachment":[{"href":"https:\/\/www.patriarcatovenezia.it\/caritas\/wp-json\/wp\/v2\/media?parent=678"}],"wp:term":[{"taxonomy":"category","embeddable":true,"href":"https:\/\/www.patriarcatovenezia.it\/caritas\/wp-json\/wp\/v2\/categories?post=678"},{"taxonomy":"post_tag","embeddable":true,"href":"https:\/\/www.patriarcatovenezia.it\/caritas\/wp-json\/wp\/v2\/tags?post=678"}],"curies":[{"name":"wp","href":"https:\/\/api.w.org\/{rel}","templated":true}]}}