{"id":673,"date":"2020-08-27T09:46:29","date_gmt":"2020-08-27T07:46:29","guid":{"rendered":"https:\/\/venezia.webdiocesi.it\/caritas\/?p=673"},"modified":"2020-08-27T09:46:51","modified_gmt":"2020-08-27T07:46:51","slug":"la-farina-della-giara-non-venne-meno-e-lorcio-dellolio-non-diminui","status":"publish","type":"post","link":"https:\/\/www.patriarcatovenezia.it\/caritas\/2020\/08\/27\/la-farina-della-giara-non-venne-meno-e-lorcio-dellolio-non-diminui\/","title":{"rendered":"\u201cLa farina della giara non venne meno e l\u2019orcio dell\u2019olio non diminu\u00ec\u201d"},"content":{"rendered":"<p>Il Patriarca ha scritto una lettera pastorale in vista della prossima \u201cripresa\u201d, intitolata\u00a0<em>\u201cLa farina della <\/em>giara non venne meno e l\u2019orcio dell\u2019olio non diminu\u00ec\u201d\u00a0(1Re, 17,16) e datata 15 agosto 2020.<\/p>\n<p>Nella Lettera un passaggio importante sulla carit\u00e0:<\/p>\n<blockquote><p>Guai se dovessimo convincerci che bisogna essere ricchi per poter fare la carit\u00e0. Dare agli altri non dipende dalle proprie disponibilit\u00e0 ma dalla sensibilit\u00e0 del cuore che, alla fine, o sa amare o no. La carit\u00e0 &#8211; possiamo dire cos\u00ec &#8211; \u00e8 \u201cstrutturalmente\u201d democratica: tutti la possono fare e tutti la possono ricevere. Tutti, sempre.<\/p>\n<p>Il primo \u201cgesto\u201d \u00e8 adottare in modo simbolico, ma realissimo, una persona che per le sue condizioni sociali risulta \u201cinvisibile\u201d. Le modalit\u00e0, ovviamente, saranno differenti secondo le disponibilit\u00e0: si potr\u00e0, quindi, inserire nella propria spesa settimanale uno o due generi di \u201cconforto\u201d da destinare a chi da solo non ce la fa.<\/p><\/blockquote>\n<p><a href=\"https:\/\/venezia.webdiocesi.it\/site\/lettera-del-patriarca-per-accompagnare-la-ripresa-gesu-e-la-vera-ripartenza-per-riprendere-con-speranza-fede-e-carita-e-due-proposte-specifiche\/\"><strong>Testo integrale<\/strong><\/a><\/p>\n<p><a href=\"https:\/\/venezia.webdiocesi.it\/site\/lettera-del-patriarca-per-accompagnare-la-ripresa-gesu-e-la-vera-ripartenza-per-riprendere-con-speranza-fede-e-carita-e-due-proposte-specifiche\/\">https:\/\/venezia.webdiocesi.it\/site\/lettera-del-patriarca-per-accompagnare-la-ripresa-gesu-e-la-vera-ripartenza-per-riprendere-con-speranza-fede-e-carita-e-due-proposte-specifiche\/<\/a><\/p>\n","protected":false},"excerpt":{"rendered":"<p>Il Patriarca ha scritto una lettera pastorale in vista della prossima \u201cripresa\u201d, intitolata\u00a0\u201cLa farina della giara non venne meno e l\u2019orcio dell\u2019olio non diminu\u00ec\u201d\u00a0(1Re, 17,16) e datata 15 agosto 2020. Nella Lettera un passaggio importante sulla carit\u00e0: Guai se dovessimo convincerci che bisogna essere ricchi per poter fare la carit\u00e0. Dare agli altri non dipende [&hellip;]<\/p>\n","protected":false},"author":0,"featured_media":674,"comment_status":"closed","ping_status":"open","sticky":false,"template":"","format":"standard","meta":{"_acf_changed":false,"ip_address":"","user_agent":"","level":"","revision":"","cookie_id":"","page_referer":"","html_form":"","footnotes":""},"categories":[65,64,2],"tags":[105,43,50,103,104,28,106],"class_list":["post-673","post","type-post","status-publish","format-standard","has-post-thumbnail","hentry","category-caritas-diocesana","category-emergenza-covid-19","category-notizie","tag-carita","tag-coronavirus","tag-covid-19","tag-lettera","tag-pastorale","tag-patriarca","tag-ripresa"],"acf":[],"_links":{"self":[{"href":"https:\/\/www.patriarcatovenezia.it\/caritas\/wp-json\/wp\/v2\/posts\/673"}],"collection":[{"href":"https:\/\/www.patriarcatovenezia.it\/caritas\/wp-json\/wp\/v2\/posts"}],"about":[{"href":"https:\/\/www.patriarcatovenezia.it\/caritas\/wp-json\/wp\/v2\/types\/post"}],"author":[{"embeddable":true,"href":"https:\/\/www.patriarcatovenezia.it\/caritas\/wp-json\/wp\/v2\/users\/10"}],"replies":[{"embeddable":true,"href":"https:\/\/www.patriarcatovenezia.it\/caritas\/wp-json\/wp\/v2\/comments?post=673"}],"version-history":[{"count":1,"href":"https:\/\/www.patriarcatovenezia.it\/caritas\/wp-json\/wp\/v2\/posts\/673\/revisions"}],"predecessor-version":[{"id":675,"href":"https:\/\/www.patriarcatovenezia.it\/caritas\/wp-json\/wp\/v2\/posts\/673\/revisions\/675"}],"wp:featuredmedia":[{"embeddable":true,"href":"https:\/\/www.patriarcatovenezia.it\/caritas\/wp-json\/wp\/v2\/media\/674"}],"wp:attachment":[{"href":"https:\/\/www.patriarcatovenezia.it\/caritas\/wp-json\/wp\/v2\/media?parent=673"}],"wp:term":[{"taxonomy":"category","embeddable":true,"href":"https:\/\/www.patriarcatovenezia.it\/caritas\/wp-json\/wp\/v2\/categories?post=673"},{"taxonomy":"post_tag","embeddable":true,"href":"https:\/\/www.patriarcatovenezia.it\/caritas\/wp-json\/wp\/v2\/tags?post=673"}],"curies":[{"name":"wp","href":"https:\/\/api.w.org\/{rel}","templated":true}]}}