{"id":6290,"date":"2026-03-09T11:03:15","date_gmt":"2026-03-09T10:03:15","guid":{"rendered":"https:\/\/www.patriarcatovenezia.it\/caritas\/?p=6290"},"modified":"2026-03-10T12:52:02","modified_gmt":"2026-03-10T11:52:02","slug":"servizio-civile-2026","status":"publish","type":"post","link":"https:\/\/www.patriarcatovenezia.it\/caritas\/2026\/03\/09\/servizio-civile-2026\/","title":{"rendered":"Servizio Civile &#8211; 2026"},"content":{"rendered":"<p>Siamo felici di annunciare che \u00e8 stato pubblicato il bando nazionale per il Servizio Civile Universale! (<a href=\"https:\/\/www.politichegiovanili.gov.it\/comunicazione\/avvisi-e-bandi\/servizio-civile\/bandi-di-selezione-volontari\/bando_ordinario_2026\/\" target=\"_blank\" rel=\"noopener\">puoi consultarlo al seguente link<\/a>).<\/p>\n<h4><strong>Il Servizio Civile rappresenta un\u2019importante opportunit\u00e0 di crescita personale e professionale per i giovani tra i 18 e i 28 anni.<\/strong><\/h4>\n<p>Caritas Veneziana offre <em>quattro posti disponibili tra Venezia e Mestre<\/em>. Il progetto prevede un impegno annuale, a partire da Settembre 2026 (data da definire), con un orario di servizio pari a 20\/25 ore settimanali per un totale di 1.145 ore annue. Gli operatori volontari selezionati sottoscrivono con il Dipartimento un contratto che fissa, tra l\u2019altro, l\u2019importo dell\u2019assegno mensile per lo svolgimento del servizio in \u20ac 519,47 \u00a0salvo incremento sulla base della variazione, accertata dall\u2019ISTAT.<\/p>\n<p>Gli aspiranti operatori volontari devono produrre domanda di partecipazione, indirizzata direttamente all\u2019ente titolare del progetto prescelto, esclusivamente attraverso la piattaforma DOL raggiungibile tramite PC,\u00a0tablet\u00a0e\u00a0smartphone all\u2019indirizzo <a href=\"https:\/\/domandaonline.serviziocivile.it\/\" target=\"_blank\" rel=\"noopener\">https:\/\/domandaonline.serviziocivile.it\/<\/a>. Le domande di partecipazione devono essere presentate entro e non oltre le<strong> ore\u00a014.00 dell\u20198 aprile 2026!<\/strong><\/p>\n<p>In questo <a href=\"https:\/\/www.caritas.it\/wp-content\/uploads\/sites\/2\/2026\/02\/Ce-posto-per-te-2026-Triveneto.pdf\" target=\"_blank\" rel=\"noopener\">link<\/a> trovate la schede Progetto <strong>&#8220;C&#8217;\u00e8 posto per te!&#8221;<\/strong>.<\/p>\n<p>Si tratta di un\u2019iniziativa condivisa tra le Caritas diocesane del Triveneto che mira a promuovere l\u2019inclusione sociale, economica e politica di tutte le persone, senza distinzione di et\u00e0, genere, disabilit\u00e0, provenienza, credo religioso o condizione economica. L\u2019obiettivo \u00e8 quello di facilitare l\u2019accesso ai diritti fondamentali di cittadinanza \u2013 come casa, lavoro, istruzione, salute, partecipazione alla vita pubblica \u2013 e allo stesso tempo favorire il riconoscimento del proprio ruolo attivo nella comunit\u00e0, attraverso il recupero della dignit\u00e0 e della fiducia in s\u00e9.<\/p>\n<p>Maggiori informazioni le trovate\u00a0<a href=\"https:\/\/www.patriarcatovenezia.it\/caritas\/servizio-civile\/\" target=\"_blank\" rel=\"noopener\">qui!<\/a><\/p>\n<p>&nbsp;<\/p>\n<p>Seguiranno nuove news! Quindi&#8230; <strong><em>stay tuned!<\/em><\/strong><\/p>\n","protected":false},"excerpt":{"rendered":"<p>Siamo felici di annunciare che \u00e8 stato pubblicato il bando nazionale per il Servizio Civile Universale! (puoi consultarlo al seguente link). Il Servizio Civile rappresenta un\u2019importante opportunit\u00e0 di crescita personale e professionale per i giovani tra i 18 e i 28 anni. Caritas Veneziana offre quattro posti disponibili tra Venezia e Mestre. Il progetto prevede [&hellip;]<\/p>\n","protected":false},"author":0,"featured_media":6291,"comment_status":"closed","ping_status":"closed","sticky":false,"template":"","format":"standard","meta":{"_acf_changed":false,"ip_address":"","user_agent":"","level":"","revision":"","cookie_id":"","page_referer":"","html_form":"","footnotes":""},"categories":[65,1,2,11,192],"tags":[],"class_list":["post-6290","post","type-post","status-publish","format-standard","has-post-thumbnail","hentry","category-caritas-diocesana","category-caritas-italiana","category-notizie","category-progetti","category-youngcaritas"],"acf":[],"_links":{"self":[{"href":"https:\/\/www.patriarcatovenezia.it\/caritas\/wp-json\/wp\/v2\/posts\/6290"}],"collection":[{"href":"https:\/\/www.patriarcatovenezia.it\/caritas\/wp-json\/wp\/v2\/posts"}],"about":[{"href":"https:\/\/www.patriarcatovenezia.it\/caritas\/wp-json\/wp\/v2\/types\/post"}],"author":[{"embeddable":true,"href":"https:\/\/www.patriarcatovenezia.it\/caritas\/wp-json\/wp\/v2\/users\/36"}],"replies":[{"embeddable":true,"href":"https:\/\/www.patriarcatovenezia.it\/caritas\/wp-json\/wp\/v2\/comments?post=6290"}],"version-history":[{"count":7,"href":"https:\/\/www.patriarcatovenezia.it\/caritas\/wp-json\/wp\/v2\/posts\/6290\/revisions"}],"predecessor-version":[{"id":6331,"href":"https:\/\/www.patriarcatovenezia.it\/caritas\/wp-json\/wp\/v2\/posts\/6290\/revisions\/6331"}],"wp:featuredmedia":[{"embeddable":true,"href":"https:\/\/www.patriarcatovenezia.it\/caritas\/wp-json\/wp\/v2\/media\/6291"}],"wp:attachment":[{"href":"https:\/\/www.patriarcatovenezia.it\/caritas\/wp-json\/wp\/v2\/media?parent=6290"}],"wp:term":[{"taxonomy":"category","embeddable":true,"href":"https:\/\/www.patriarcatovenezia.it\/caritas\/wp-json\/wp\/v2\/categories?post=6290"},{"taxonomy":"post_tag","embeddable":true,"href":"https:\/\/www.patriarcatovenezia.it\/caritas\/wp-json\/wp\/v2\/tags?post=6290"}],"curies":[{"name":"wp","href":"https:\/\/api.w.org\/{rel}","templated":true}]}}