{"id":428,"date":"2020-03-17T10:20:48","date_gmt":"2020-03-17T09:20:48","guid":{"rendered":"https:\/\/venezia.webdiocesi.it\/caritas\/?p=428"},"modified":"2021-06-27T17:57:23","modified_gmt":"2021-06-27T15:57:23","slug":"tensostruttura-a-ca-letizia-per-i-pranzi","status":"publish","type":"post","link":"https:\/\/www.patriarcatovenezia.it\/caritas\/2020\/03\/17\/tensostruttura-a-ca-letizia-per-i-pranzi\/","title":{"rendered":"Tensostruttura a Ca&#8217; Letizia per i pranzi"},"content":{"rendered":"<p><a href=\"https:\/\/venezia.webdiocesi.it\/site\/ca-letizia-la-nuova-tensostruttura\/\">https:\/\/venezia.webdiocesi.it\/site\/ca-letizia-la-nuova-tensostruttura\/<\/a><\/p>\n<p>Alla mensa dei poveri di Ca\u2019 Letizia i servizi della mensa non si sono mai fermati, nonostante il Coronavirus. I pasti sono stati spostati alle ore 12, anzich\u00e9 alla sera, garantendo un primo caldo ed un cestino. Sono stati attrezzati dei percorsi interni al cortile per rispettare le distanze. \u00c8 stata installata ed \u00e8 operativa da oggi una struttura mobile di emergenza per i pranzi popolari nella zona mestrina.<\/p>\n<p>Per rispettare le norme e le disposizioni cautelari i pasti sono stati serviti nei giorni di domenica e sabato scorsi all\u2019aperto (85 sabato, 105 domenica, oggi 120, ma la mensa \u00e8 capace anche di 140 pasti): da oggi vi sar\u00e0 anche una tensostruttura, con dei tavoli, per mangiare in modo pi\u00f9 confortevole, anche in caso di pioggia. Gli operatori della Caritas hanno sostituito i volontari della San Vincenzo per non esporli a rischi di contagio (data la vulnerabilit\u00e0 molto alta di alcuni a causa dell\u2019et\u00e0 avanzata), altrimenti si sarebbe chiuso il servizio.<\/p>\n<p>Sempre nel rispetto delle disposizioni sanitarie, i luoghi della mensa saranno sanificati quotidianamente, cos\u00ec come una cooperativa proceder\u00e0 alla pulizia anche della strada laterale di accesso a Ca\u2019 Letizia.<\/p>\n<p>La Caritas veneziana \u00e8, quindi, in prima fila per assicurare la cura delle persone in condizione di marginalit\u00e0 nel rispetto della sicurezza di tutti.<\/p>\n<p><img loading=\"lazy\" decoding=\"async\" class=\"alignnone size-medium wp-image-904\" src=\"https:\/\/venezia.webdiocesi.it\/caritas\/wp-content\/uploads\/sites\/14\/2021\/06\/8X1000-CARIT\u00e0-300x106.jpg\" alt=\"\" width=\"300\" height=\"106\" srcset=\"https:\/\/www.patriarcatovenezia.it\/caritas\/wp-content\/uploads\/sites\/14\/2021\/06\/8X1000-CARIT\u00e0-300x106.jpg 300w, https:\/\/www.patriarcatovenezia.it\/caritas\/wp-content\/uploads\/sites\/14\/2021\/06\/8X1000-CARIT\u00e0-360x127.jpg 360w, https:\/\/www.patriarcatovenezia.it\/caritas\/wp-content\/uploads\/sites\/14\/2021\/06\/8X1000-CARIT\u00e0.jpg 497w\" sizes=\"(max-width: 300px) 100vw, 300px\" \/><\/p>\n","protected":false},"excerpt":{"rendered":"<p>Alla mensa dei poveri di Ca\u2019 Letizia i servizi della mensa non si sono mai fermati, nonostante il Coronavirus. I pasti sono stati spostati alle ore 12, anzich\u00e9 alla sera, garantendo un primo caldo ed un cestino. Sono stati attrezzati dei percorsi interni al cortile per rispettare le distanze. \u00c8 stata installata ed \u00e8 operativa [&hellip;]<\/p>\n","protected":false},"author":0,"featured_media":430,"comment_status":"closed","ping_status":"open","sticky":false,"template":"","format":"standard","meta":{"_acf_changed":false,"ip_address":"","user_agent":"","level":"","revision":"","cookie_id":"","page_referer":"","html_form":"","footnotes":""},"categories":[10,2,13],"tags":[41,43,16,36,37,42],"class_list":["post-428","post","type-post","status-publish","format-standard","has-post-thumbnail","hentry","category-iniziative","category-notizie","category-servizi","tag-ca-letizia","tag-coronavirus","tag-emergenza","tag-mensa","tag-poveri","tag-tensostruttura"],"acf":[],"_links":{"self":[{"href":"https:\/\/www.patriarcatovenezia.it\/caritas\/wp-json\/wp\/v2\/posts\/428"}],"collection":[{"href":"https:\/\/www.patriarcatovenezia.it\/caritas\/wp-json\/wp\/v2\/posts"}],"about":[{"href":"https:\/\/www.patriarcatovenezia.it\/caritas\/wp-json\/wp\/v2\/types\/post"}],"author":[{"embeddable":true,"href":"https:\/\/www.patriarcatovenezia.it\/caritas\/wp-json\/wp\/v2\/users\/10"}],"replies":[{"embeddable":true,"href":"https:\/\/www.patriarcatovenezia.it\/caritas\/wp-json\/wp\/v2\/comments?post=428"}],"version-history":[{"count":2,"href":"https:\/\/www.patriarcatovenezia.it\/caritas\/wp-json\/wp\/v2\/posts\/428\/revisions"}],"predecessor-version":[{"id":913,"href":"https:\/\/www.patriarcatovenezia.it\/caritas\/wp-json\/wp\/v2\/posts\/428\/revisions\/913"}],"wp:featuredmedia":[{"embeddable":true,"href":"https:\/\/www.patriarcatovenezia.it\/caritas\/wp-json\/wp\/v2\/media\/430"}],"wp:attachment":[{"href":"https:\/\/www.patriarcatovenezia.it\/caritas\/wp-json\/wp\/v2\/media?parent=428"}],"wp:term":[{"taxonomy":"category","embeddable":true,"href":"https:\/\/www.patriarcatovenezia.it\/caritas\/wp-json\/wp\/v2\/categories?post=428"},{"taxonomy":"post_tag","embeddable":true,"href":"https:\/\/www.patriarcatovenezia.it\/caritas\/wp-json\/wp\/v2\/tags?post=428"}],"curies":[{"name":"wp","href":"https:\/\/api.w.org\/{rel}","templated":true}]}}