{"id":423,"date":"2020-02-24T12:42:27","date_gmt":"2020-02-24T11:42:27","guid":{"rendered":"https:\/\/venezia.webdiocesi.it\/caritas\/?p=423"},"modified":"2020-03-17T10:23:35","modified_gmt":"2020-03-17T09:23:35","slug":"423","status":"publish","type":"post","link":"https:\/\/www.patriarcatovenezia.it\/caritas\/2020\/02\/24\/423\/","title":{"rendered":"Nuovo acquisto"},"content":{"rendered":"<p><a href=\"https:\/\/venezia.webdiocesi.it\/site\/la-diocesi-acquisisce-la-struttura-in-via-aleardi-a-mestre-che-ospitava-la-casa-di-accoglienza-taliercio-per-intensificare-lazione-caritativa-sociale-ed-educativa\/\">https:\/\/venezia.webdiocesi.it\/site\/la-diocesi-acquisisce-la-struttura-in-via-aleardi-a-mestre-che-ospitava-la-casa-di-accoglienza-taliercio-per-intensificare-lazione-caritativa-sociale-ed-educativa\/<\/a><\/p>\n<p>Il Patriarcato di Venezia ha acquistato la struttura che ha ospitato, fino a poco tempo fa, la \u201cCasa Taliercio\u201d, in via Aleardi a Mestre. Prosegue e si intensifica cos\u00ec, anche nella terraferma mestrina, l\u2019azione nel campo dell\u2019educazione e della carit\u00e0 della Chiesa veneziana.<\/p>\n<p>Venerd\u00ec scorso \u2013 21 febbraio 2020 \u2013 \u00e8 stato, infatti, sottoscritto il rogito notarile con il quale la Diocesi di Venezia ha acquistato parte del complesso di via Aleardi a Mestre, finora di propriet\u00e0 della Provincia veneta dei Frati Minori Conventuali e della \u201cMessaggero servizi srl\u201d. La Diocesi investe cos\u00ec circa 650.000 euro per potenziare l\u2019impegno educativo e sociale.<\/p>\n<p>L\u2019immobile ospita attualmente un asilo nido e una scuola materna paritaria gestiti dalla cooperativa \u201cArlecchino\u201d. Vi era anche la casa di accoglienza femminile \u201cCasa Taliercio\u201d gestita dall\u2019associazione \u201cSant\u2019Antonio\u201d e sospesa da alcuni mesi per il venir meno di richieste; da allora i locali erano rimasti inutilizzati. La scuola materna e l\u2019asilo nido continueranno regolarmente le loro attivit\u00e0 anche dopo il passaggio di propriet\u00e0; gli spazi di \u201cCasa Taliercio\u201d saranno invece destinati ad ospitare una nuova casa famiglia, sul modello dell\u2019esperienza della Giudecca (Venezia), gestita dall\u2019\u201dIstituto Casa Famiglia San Pio X\u201d. Nell\u2019immobile vi saranno poi anche alcuni spazi riservati alla parrocchia del Sacro Cuore e, probabilmente, ad altre realt\u00e0 diocesane.<\/p>\n<p>La struttura conserver\u00e0, dunque, la sua vocazione a servizio delle donne che vivono situazioni di fragilit\u00e0 mentre \u00e8 garantita la continuit\u00e0 dell\u2019attivit\u00e0 educativa del nido e dell\u2019asilo a favore dei bambini e delle loro famiglie.<\/p>\n","protected":false},"excerpt":{"rendered":"<p>Il Patriarcato di Venezia ha acquistato la struttura che ha ospitato, fino a poco tempo fa, la \u201cCasa Taliercio\u201d, in via Aleardi a Mestre. Prosegue e si intensifica cos\u00ec, anche nella terraferma mestrina, l\u2019azione nel campo dell\u2019educazione e della carit\u00e0 della Chiesa veneziana. Venerd\u00ec scorso \u2013 21 febbraio 2020 \u2013 \u00e8 stato, infatti, sottoscritto il [&hellip;]<\/p>\n","protected":false},"author":0,"featured_media":424,"comment_status":"closed","ping_status":"open","sticky":false,"template":"","format":"standard","meta":{"_acf_changed":false,"ip_address":"","user_agent":"","level":"","revision":"","cookie_id":"","page_referer":"","html_form":"","footnotes":""},"categories":[10,2,11],"tags":[23,40,39,38],"class_list":["post-423","post","type-post","status-publish","format-standard","has-post-thumbnail","hentry","category-iniziative","category-notizie","category-progetti","tag-casa","tag-servizi","tag-strutture","tag-taliercio"],"acf":[],"_links":{"self":[{"href":"https:\/\/www.patriarcatovenezia.it\/caritas\/wp-json\/wp\/v2\/posts\/423"}],"collection":[{"href":"https:\/\/www.patriarcatovenezia.it\/caritas\/wp-json\/wp\/v2\/posts"}],"about":[{"href":"https:\/\/www.patriarcatovenezia.it\/caritas\/wp-json\/wp\/v2\/types\/post"}],"author":[{"embeddable":true,"href":"https:\/\/www.patriarcatovenezia.it\/caritas\/wp-json\/wp\/v2\/users\/10"}],"replies":[{"embeddable":true,"href":"https:\/\/www.patriarcatovenezia.it\/caritas\/wp-json\/wp\/v2\/comments?post=423"}],"version-history":[{"count":2,"href":"https:\/\/www.patriarcatovenezia.it\/caritas\/wp-json\/wp\/v2\/posts\/423\/revisions"}],"predecessor-version":[{"id":431,"href":"https:\/\/www.patriarcatovenezia.it\/caritas\/wp-json\/wp\/v2\/posts\/423\/revisions\/431"}],"wp:featuredmedia":[{"embeddable":true,"href":"https:\/\/www.patriarcatovenezia.it\/caritas\/wp-json\/wp\/v2\/media\/424"}],"wp:attachment":[{"href":"https:\/\/www.patriarcatovenezia.it\/caritas\/wp-json\/wp\/v2\/media?parent=423"}],"wp:term":[{"taxonomy":"category","embeddable":true,"href":"https:\/\/www.patriarcatovenezia.it\/caritas\/wp-json\/wp\/v2\/categories?post=423"},{"taxonomy":"post_tag","embeddable":true,"href":"https:\/\/www.patriarcatovenezia.it\/caritas\/wp-json\/wp\/v2\/tags?post=423"}],"curies":[{"name":"wp","href":"https:\/\/api.w.org\/{rel}","templated":true}]}}