{"id":419,"date":"2019-12-30T12:30:34","date_gmt":"2019-12-30T11:30:34","guid":{"rendered":"https:\/\/venezia.webdiocesi.it\/caritas\/?p=419"},"modified":"2020-03-17T10:24:15","modified_gmt":"2020-03-17T09:24:15","slug":"419","status":"publish","type":"post","link":"https:\/\/www.patriarcatovenezia.it\/caritas\/2019\/12\/30\/419\/","title":{"rendered":"Pranzo di Natale"},"content":{"rendered":"<p>Il giorno di Natale una trentina di ospiti sono stati accolti nel patronato della parrocchia di San Cassiano per il pranzo, assieme al Patriarca Francesco.<\/p>\n<p>Rispetto agli anni scorsi, in cui si invitavano le persone nel Centro Urbani a Zelarino, si \u00e8 deciso di puntare sul centro storico di Venezia, cuore di questa citt\u00e0 fragile ma capace di grande solidariet\u00e0, come si \u00e8 visto durante l&#8217;emergenza acqua alta di novembre,<\/p>\n<p>L&#8217;l&#8217;iniziativa ha visto la collaborazione di Caritas diocesana, le suore canossiane, i volontari della mensa della Tana e la pastorale carceraria, oltre ai parrocchiani di San Cassiano e al loro parroco don Antonio Biancotto.<\/p>\n<p>Un pranzo festoso, per far sentire &#8220;a casa&#8221; tutti, sia ospiti (tra cui alcuni ex carcerati) che volontari, \u00abUn modo nuovo e bello \u2013 sottolinea il direttore della Caritas, il diacono Stefano Enzo \u2013 per dire con convinzione che cos\u2019\u00e8 Natale per tutti noi, accanto e in armonia con chi \u00e8 pi\u00f9 fragile\u00bb.<\/p>\n<p>Anche nella terraferma mestrina le mense hanno accolto con gioia le persone pi\u00f9 bisognose: a pranzo, la mensa dei Cappuccini e la mensa dei Padri Somaschi; a cena, la mensa di Ca\u2019 Letizia.<\/p>\n<p>A Marghera gli ospiti della mensa \u201cPapa Francesco\u201d sono stati invitati in vari momenti: domenica 22 dicembre pranzo nella parrocchia di S. Pio X , il pranzo della vigilia presso le famiglie del vicariato, la cena di Natale nella mensa preparata con ancor pi\u00f9 cura per l&#8217;occasione.<\/p>\n<p>&nbsp;<\/p>\n<p style=\"text-align: right\">[fonte: <a href=\"https:\/\/www.genteveneta.it\/diocesi\/pranzo-di-natale-a-san-cassiano-per-il-patriarca-con-i-poveri-il-diacono-enzo-un-modo-bello-per-fare-festa-con-chi-e-piu-fragile\/\">Genteveneta<\/a>]<\/p>\n","protected":false},"excerpt":{"rendered":"<p>Il giorno di Natale una trentina di ospiti sono stati accolti nel patronato della parrocchia di San Cassiano per il pranzo, assieme al Patriarca Francesco. Rispetto agli anni scorsi, in cui si invitavano le persone nel Centro Urbani a Zelarino, si \u00e8 deciso di puntare sul centro storico di Venezia, cuore di questa citt\u00e0 fragile [&hellip;]<\/p>\n","protected":false},"author":0,"featured_media":420,"comment_status":"closed","ping_status":"open","sticky":false,"template":"","format":"standard","meta":{"_acf_changed":false,"ip_address":"","user_agent":"","level":"","revision":"","cookie_id":"","page_referer":"","html_form":"","footnotes":""},"categories":[10,2],"tags":[36,35,28,37,17,19],"class_list":["post-419","post","type-post","status-publish","format-standard","has-post-thumbnail","hentry","category-iniziative","category-notizie","tag-mensa","tag-natale","tag-patriarca","tag-poveri","tag-solidarieta","tag-venezia"],"acf":[],"_links":{"self":[{"href":"https:\/\/www.patriarcatovenezia.it\/caritas\/wp-json\/wp\/v2\/posts\/419"}],"collection":[{"href":"https:\/\/www.patriarcatovenezia.it\/caritas\/wp-json\/wp\/v2\/posts"}],"about":[{"href":"https:\/\/www.patriarcatovenezia.it\/caritas\/wp-json\/wp\/v2\/types\/post"}],"author":[{"embeddable":true,"href":"https:\/\/www.patriarcatovenezia.it\/caritas\/wp-json\/wp\/v2\/users\/10"}],"replies":[{"embeddable":true,"href":"https:\/\/www.patriarcatovenezia.it\/caritas\/wp-json\/wp\/v2\/comments?post=419"}],"version-history":[{"count":2,"href":"https:\/\/www.patriarcatovenezia.it\/caritas\/wp-json\/wp\/v2\/posts\/419\/revisions"}],"predecessor-version":[{"id":432,"href":"https:\/\/www.patriarcatovenezia.it\/caritas\/wp-json\/wp\/v2\/posts\/419\/revisions\/432"}],"wp:featuredmedia":[{"embeddable":true,"href":"https:\/\/www.patriarcatovenezia.it\/caritas\/wp-json\/wp\/v2\/media\/420"}],"wp:attachment":[{"href":"https:\/\/www.patriarcatovenezia.it\/caritas\/wp-json\/wp\/v2\/media?parent=419"}],"wp:term":[{"taxonomy":"category","embeddable":true,"href":"https:\/\/www.patriarcatovenezia.it\/caritas\/wp-json\/wp\/v2\/categories?post=419"},{"taxonomy":"post_tag","embeddable":true,"href":"https:\/\/www.patriarcatovenezia.it\/caritas\/wp-json\/wp\/v2\/tags?post=419"}],"curies":[{"name":"wp","href":"https:\/\/api.w.org\/{rel}","templated":true}]}}