{"id":414,"date":"2019-12-17T08:54:18","date_gmt":"2019-12-17T07:54:18","guid":{"rendered":"https:\/\/venezia.webdiocesi.it\/caritas\/?p=414"},"modified":"2019-12-17T08:54:35","modified_gmt":"2019-12-17T07:54:35","slug":"casa-bakhita-inaugurata","status":"publish","type":"post","link":"https:\/\/www.patriarcatovenezia.it\/caritas\/2019\/12\/17\/casa-bakhita-inaugurata\/","title":{"rendered":"Casa Bakhita inaugurata"},"content":{"rendered":"<hr \/>\n<p>Inaugurata luned\u00ec 16 dicembre dal Patriarca Francesco Moraglia e Caritas veneziana \u201cCasa Bakhita\u201d.<\/p>\n<p>Destinata all&#8217;accoglienza femminile con il carattere della temporaneit\u00e0; oltre a donne che arriveranno in autonomia presso i centri d\u2019Ascolto Caritas perch\u00e9 in difficolt\u00e0, la struttura ospiter\u00e0, in emergenza, donne vittime di violenza inviate dalle forze dell\u2019ordine e donne segnalate dalle strutture ospedaliere con problematiche sanitarie non gravi.<\/p>\n<p>La casa\u00a0si trova in viale S. Elena, con ingresso vicino alla chiesa di S. Elena, a Venezia.<\/p>\n<p>&nbsp;<\/p>\n<p><a href=\"https:\/\/venezia.webdiocesi.it\/caritas\/wp-content\/uploads\/sites\/14\/2019\/12\/casaBakhita.jpg\" data-rel=\"lightbox-image-0\" data-rl_title=\"\" data-rl_caption=\"\" title=\"\"><img loading=\"lazy\" decoding=\"async\" class=\"size-medium wp-image-412 aligncenter\" src=\"https:\/\/venezia.webdiocesi.it\/caritas\/wp-content\/uploads\/sites\/14\/2019\/12\/casaBakhita-192x300.jpg\" alt=\"\" width=\"192\" height=\"300\" srcset=\"https:\/\/www.patriarcatovenezia.it\/caritas\/wp-content\/uploads\/sites\/14\/2019\/12\/casaBakhita-192x300.jpg 192w, https:\/\/www.patriarcatovenezia.it\/caritas\/wp-content\/uploads\/sites\/14\/2019\/12\/casaBakhita-768x1198.jpg 768w, https:\/\/www.patriarcatovenezia.it\/caritas\/wp-content\/uploads\/sites\/14\/2019\/12\/casaBakhita-656x1024.jpg 656w, https:\/\/www.patriarcatovenezia.it\/caritas\/wp-content\/uploads\/sites\/14\/2019\/12\/casaBakhita-179x280.jpg 179w, https:\/\/www.patriarcatovenezia.it\/caritas\/wp-content\/uploads\/sites\/14\/2019\/12\/casaBakhita-492x768.jpg 492w, https:\/\/www.patriarcatovenezia.it\/caritas\/wp-content\/uploads\/sites\/14\/2019\/12\/casaBakhita.jpg 810w\" sizes=\"(max-width: 192px) 100vw, 192px\" \/><\/a><\/p>\n<p><a href=\"https:\/\/venezia.webdiocesi.it\/caritas\/wp-content\/uploads\/sites\/14\/2019\/12\/IMG-20191212-WA0011-755x491.jpg\" data-rel=\"lightbox-image-1\" data-rl_title=\"\" data-rl_caption=\"\" title=\"\"><img loading=\"lazy\" decoding=\"async\" class=\"size-medium wp-image-416 aligncenter\" src=\"https:\/\/venezia.webdiocesi.it\/caritas\/wp-content\/uploads\/sites\/14\/2019\/12\/IMG-20191212-WA0011-755x491-300x195.jpg\" alt=\"\" width=\"300\" height=\"195\" srcset=\"https:\/\/www.patriarcatovenezia.it\/caritas\/wp-content\/uploads\/sites\/14\/2019\/12\/IMG-20191212-WA0011-755x491-300x195.jpg 300w, https:\/\/www.patriarcatovenezia.it\/caritas\/wp-content\/uploads\/sites\/14\/2019\/12\/IMG-20191212-WA0011-755x491-360x234.jpg 360w, https:\/\/www.patriarcatovenezia.it\/caritas\/wp-content\/uploads\/sites\/14\/2019\/12\/IMG-20191212-WA0011-755x491.jpg 755w\" sizes=\"(max-width: 300px) 100vw, 300px\" \/><\/a><\/p>\n<p>&nbsp;<\/p>\n","protected":false},"excerpt":{"rendered":"<p>Inaugurata luned\u00ec 16 dicembre dal Patriarca Francesco Moraglia e Caritas veneziana \u201cCasa Bakhita\u201d. Destinata all&#8217;accoglienza femminile con il carattere della temporaneit\u00e0; oltre a donne che arriveranno in autonomia presso i centri d\u2019Ascolto Caritas perch\u00e9 in difficolt\u00e0, la struttura ospiter\u00e0, in emergenza, donne vittime di violenza inviate dalle forze dell\u2019ordine e donne segnalate dalle strutture ospedaliere [&hellip;]<\/p>\n","protected":false},"author":0,"featured_media":415,"comment_status":"closed","ping_status":"open","sticky":false,"template":"","format":"standard","meta":{"_acf_changed":false,"ip_address":"","user_agent":"","level":"","revision":"","cookie_id":"","page_referer":"","html_form":"","footnotes":""},"categories":[2,13],"tags":[25,24,20,23,34,27,29,28],"class_list":["post-414","post","type-post","status-publish","format-standard","has-post-thumbnail","hentry","category-notizie","category-servizi","tag-accoglienza","tag-bakhita","tag-caritas","tag-casa","tag-difficolta","tag-donne","tag-francesco","tag-patriarca"],"acf":[],"_links":{"self":[{"href":"https:\/\/www.patriarcatovenezia.it\/caritas\/wp-json\/wp\/v2\/posts\/414"}],"collection":[{"href":"https:\/\/www.patriarcatovenezia.it\/caritas\/wp-json\/wp\/v2\/posts"}],"about":[{"href":"https:\/\/www.patriarcatovenezia.it\/caritas\/wp-json\/wp\/v2\/types\/post"}],"author":[{"embeddable":true,"href":"https:\/\/www.patriarcatovenezia.it\/caritas\/wp-json\/wp\/v2\/users\/10"}],"replies":[{"embeddable":true,"href":"https:\/\/www.patriarcatovenezia.it\/caritas\/wp-json\/wp\/v2\/comments?post=414"}],"version-history":[{"count":2,"href":"https:\/\/www.patriarcatovenezia.it\/caritas\/wp-json\/wp\/v2\/posts\/414\/revisions"}],"predecessor-version":[{"id":418,"href":"https:\/\/www.patriarcatovenezia.it\/caritas\/wp-json\/wp\/v2\/posts\/414\/revisions\/418"}],"wp:featuredmedia":[{"embeddable":true,"href":"https:\/\/www.patriarcatovenezia.it\/caritas\/wp-json\/wp\/v2\/media\/415"}],"wp:attachment":[{"href":"https:\/\/www.patriarcatovenezia.it\/caritas\/wp-json\/wp\/v2\/media?parent=414"}],"wp:term":[{"taxonomy":"category","embeddable":true,"href":"https:\/\/www.patriarcatovenezia.it\/caritas\/wp-json\/wp\/v2\/categories?post=414"},{"taxonomy":"post_tag","embeddable":true,"href":"https:\/\/www.patriarcatovenezia.it\/caritas\/wp-json\/wp\/v2\/tags?post=414"}],"curies":[{"name":"wp","href":"https:\/\/api.w.org\/{rel}","templated":true}]}}