{"id":396,"date":"2019-12-09T15:26:26","date_gmt":"2019-12-09T14:26:26","guid":{"rendered":"https:\/\/venezia.webdiocesi.it\/caritas\/?p=396"},"modified":"2019-12-10T12:40:13","modified_gmt":"2019-12-10T11:40:13","slug":"inaugurazione-casa-bakhita","status":"publish","type":"post","link":"https:\/\/www.patriarcatovenezia.it\/caritas\/2019\/12\/09\/inaugurazione-casa-bakhita\/","title":{"rendered":"Inaugurazione Casa Bakhita"},"content":{"rendered":"<hr \/>\n<p><em><strong>A tutti gli operatori della Carit\u00e0,<\/strong><\/em><br \/>\n<em><strong>volontari e amici di Caritas Veneziana e Associazione S. Vincenzo<\/strong><\/em><\/p>\n<p>Caritas Veneziana vuole festeggiare assieme al <strong>Patriarca Francesco<\/strong> e a voi che siete la linfa quotidiana di tutte le attivit\u00e0, l\u2019apertura di <strong>Casa Bakhita<\/strong> (Viale S. Elena, ingresso vicino alla chiesa di S. Elena), nuova Casa d\u2019Accoglienza femminile.<\/p>\n<p>Il Patriarca Francesco per l\u2019occasione presieder\u00e0 una breve lectio per tutti gli operatori della Carit\u00e0 alle ore 16.45 all&#8217;interno di Casa Bakhita cos\u00ec da sottolineare anche con un momento di preghiera comunitaria il momento dell\u2019inaugurazione.<\/p>\n<p>Casa Bakhita sar\u00e0 destinata all&#8217;accoglienza femminile con il carattere della temporaneit\u00e0, oltre alle donne che arriveranno in autonomia presso i Centri d\u2019Ascolto Caritas perch\u00e9 in difficolt\u00e0, la struttura ospiter\u00e0 in emergenza donne vittime di violenza inviate dalle Forze dell\u2019Ordine e donne segnalate dalle strutture ospedaliere con problematiche sanitarie non gravi.<\/p>\n<p>Alle ore 18.00 si recher\u00e0 a salutare gli ospiti della Casa d\u2019Accoglienza S. Giuseppe (Campo della Tana, Castello 2129).<\/p>\n<p>Ecco il programma di luned\u00ec 16 dicembre:<\/p>\n<ul>\n<li>ore 16.15 taglio del nastro e brindisi di Buona Strada<\/li>\n<li>ore 16.45 lectio del Patriarca Francesco<\/li>\n<li>ore 18.00 saluto agli ospiti di Casa S. Giuseppe \u201cLa Tana\u201d<\/li>\n<\/ul>\n<p style=\"text-align: right\"><em>Il direttore<\/em><br \/>\ndiac. Stefano Enzo<\/p>\n","protected":false},"excerpt":{"rendered":"<p>A tutti gli operatori della Carit\u00e0, volontari e amici di Caritas Veneziana e Associazione S. Vincenzo Caritas Veneziana vuole festeggiare assieme al Patriarca Francesco e a voi che siete la linfa quotidiana di tutte le attivit\u00e0, l\u2019apertura di Casa Bakhita (Viale S. Elena, ingresso vicino alla chiesa di S. Elena), nuova Casa d\u2019Accoglienza femminile. Il [&hellip;]<\/p>\n","protected":false},"author":0,"featured_media":407,"comment_status":"closed","ping_status":"open","sticky":false,"template":"","format":"standard","meta":{"_acf_changed":false,"ip_address":"","user_agent":"","level":"","revision":"","cookie_id":"","page_referer":"","html_form":"","footnotes":""},"categories":[10,2,13],"tags":[25,24,23,27,26,29,28],"class_list":["post-396","post","type-post","status-publish","format-standard","has-post-thumbnail","hentry","category-iniziative","category-notizie","category-servizi","tag-accoglienza","tag-bakhita","tag-casa","tag-donne","tag-femminile","tag-francesco","tag-patriarca"],"acf":[],"_links":{"self":[{"href":"https:\/\/www.patriarcatovenezia.it\/caritas\/wp-json\/wp\/v2\/posts\/396"}],"collection":[{"href":"https:\/\/www.patriarcatovenezia.it\/caritas\/wp-json\/wp\/v2\/posts"}],"about":[{"href":"https:\/\/www.patriarcatovenezia.it\/caritas\/wp-json\/wp\/v2\/types\/post"}],"author":[{"embeddable":true,"href":"https:\/\/www.patriarcatovenezia.it\/caritas\/wp-json\/wp\/v2\/users\/10"}],"replies":[{"embeddable":true,"href":"https:\/\/www.patriarcatovenezia.it\/caritas\/wp-json\/wp\/v2\/comments?post=396"}],"version-history":[{"count":2,"href":"https:\/\/www.patriarcatovenezia.it\/caritas\/wp-json\/wp\/v2\/posts\/396\/revisions"}],"predecessor-version":[{"id":408,"href":"https:\/\/www.patriarcatovenezia.it\/caritas\/wp-json\/wp\/v2\/posts\/396\/revisions\/408"}],"wp:featuredmedia":[{"embeddable":true,"href":"https:\/\/www.patriarcatovenezia.it\/caritas\/wp-json\/wp\/v2\/media\/407"}],"wp:attachment":[{"href":"https:\/\/www.patriarcatovenezia.it\/caritas\/wp-json\/wp\/v2\/media?parent=396"}],"wp:term":[{"taxonomy":"category","embeddable":true,"href":"https:\/\/www.patriarcatovenezia.it\/caritas\/wp-json\/wp\/v2\/categories?post=396"},{"taxonomy":"post_tag","embeddable":true,"href":"https:\/\/www.patriarcatovenezia.it\/caritas\/wp-json\/wp\/v2\/tags?post=396"}],"curies":[{"name":"wp","href":"https:\/\/api.w.org\/{rel}","templated":true}]}}