{"id":378,"date":"2019-11-13T12:56:30","date_gmt":"2019-11-13T11:56:30","guid":{"rendered":"https:\/\/venezia.webdiocesi.it\/caritas\/?p=378"},"modified":"2019-11-13T12:56:30","modified_gmt":"2019-11-13T11:56:30","slug":"la-chiesa-di-venezia-per-lacqua-alta-posti-letto-e-un-numero-per-chiedere-aiuto","status":"publish","type":"post","link":"https:\/\/www.patriarcatovenezia.it\/caritas\/2019\/11\/13\/la-chiesa-di-venezia-per-lacqua-alta-posti-letto-e-un-numero-per-chiedere-aiuto\/","title":{"rendered":"La Chiesa di Venezia per l\u2019acqua alta: posti letto e un numero per chiedere aiuto"},"content":{"rendered":"<p>La Chiesa di Venezia \u00e8 mobilitata per venire incontro ai disagi e alle difficolt\u00e0 delle persone colpite dall\u2019eccezionale acqua alta di stanotte.<\/p>\n<p>La <strong>Caritas veneziana<\/strong> accoglie tutte le richieste e le segnalazioni provenienti dalle comunit\u00e0 e mette a disposizione alcuni posti letto per famiglie in difficolt\u00e0. Il numero di telefono da contattare \u00e8 <strong>334.103.27.14<\/strong>.<\/p>\n<p>Gi\u00e0 tre persone anziane troveranno un ricovero e dei pasti caldi, in questo momento di difficolt\u00e0, presso le strutture diocesane.<\/p>\n<p>Inoltre, la mensa della Tana, a Castello, rester\u00e0 aperta 24 ore su 24 per almeno un paio di giorni per consentire alle persone senza fissa dimora di trovare riparo.<\/p>\n<p>Anche il Seminario patriarcale, alla Salute, si rende disponibile per l\u2019aiuto a chi ha pi\u00f9 bisogno.<\/p>\n","protected":false},"excerpt":{"rendered":"<p>La Chiesa di Venezia \u00e8 mobilitata per venire incontro ai disagi e alle difficolt\u00e0 delle persone colpite dall\u2019eccezionale acqua alta di stanotte. La Caritas veneziana accoglie tutte le richieste e le segnalazioni provenienti dalle comunit\u00e0 e mette a disposizione alcuni posti letto per famiglie in difficolt\u00e0. Il numero di telefono da contattare \u00e8 334.103.27.14. Gi\u00e0 [&hellip;]<\/p>\n","protected":false},"author":0,"featured_media":379,"comment_status":"closed","ping_status":"open","sticky":false,"template":"","format":"standard","meta":{"_acf_changed":false,"ip_address":"","user_agent":"","level":"","revision":"","cookie_id":"","page_referer":"","html_form":"","footnotes":""},"categories":[2],"tags":[15,20,18,16,17,19],"class_list":["post-378","post","type-post","status-publish","format-standard","has-post-thumbnail","hentry","category-notizie","tag-acqua-alta","tag-caritas","tag-chiesa-veneziana","tag-emergenza","tag-solidarieta","tag-venezia"],"acf":[],"_links":{"self":[{"href":"https:\/\/www.patriarcatovenezia.it\/caritas\/wp-json\/wp\/v2\/posts\/378"}],"collection":[{"href":"https:\/\/www.patriarcatovenezia.it\/caritas\/wp-json\/wp\/v2\/posts"}],"about":[{"href":"https:\/\/www.patriarcatovenezia.it\/caritas\/wp-json\/wp\/v2\/types\/post"}],"author":[{"embeddable":true,"href":"https:\/\/www.patriarcatovenezia.it\/caritas\/wp-json\/wp\/v2\/users\/10"}],"replies":[{"embeddable":true,"href":"https:\/\/www.patriarcatovenezia.it\/caritas\/wp-json\/wp\/v2\/comments?post=378"}],"version-history":[{"count":1,"href":"https:\/\/www.patriarcatovenezia.it\/caritas\/wp-json\/wp\/v2\/posts\/378\/revisions"}],"predecessor-version":[{"id":380,"href":"https:\/\/www.patriarcatovenezia.it\/caritas\/wp-json\/wp\/v2\/posts\/378\/revisions\/380"}],"wp:featuredmedia":[{"embeddable":true,"href":"https:\/\/www.patriarcatovenezia.it\/caritas\/wp-json\/wp\/v2\/media\/379"}],"wp:attachment":[{"href":"https:\/\/www.patriarcatovenezia.it\/caritas\/wp-json\/wp\/v2\/media?parent=378"}],"wp:term":[{"taxonomy":"category","embeddable":true,"href":"https:\/\/www.patriarcatovenezia.it\/caritas\/wp-json\/wp\/v2\/categories?post=378"},{"taxonomy":"post_tag","embeddable":true,"href":"https:\/\/www.patriarcatovenezia.it\/caritas\/wp-json\/wp\/v2\/tags?post=378"}],"curies":[{"name":"wp","href":"https:\/\/api.w.org\/{rel}","templated":true}]}}