{"id":375,"date":"2019-10-31T08:30:29","date_gmt":"2019-10-31T07:30:29","guid":{"rendered":"https:\/\/venezia.webdiocesi.it\/caritas\/?p=375"},"modified":"2019-10-31T08:30:29","modified_gmt":"2019-10-31T07:30:29","slug":"scarp-di-novembre-25-anni-di-giornali-di-strada-nel-mondo","status":"publish","type":"post","link":"https:\/\/www.patriarcatovenezia.it\/caritas\/2019\/10\/31\/scarp-di-novembre-25-anni-di-giornali-di-strada-nel-mondo\/","title":{"rendered":"Scarp di novembre: 25 anni di giornali di strada nel mondo"},"content":{"rendered":"<div id=\"pg-w5775387f2b5ac-0\" class=\"panel-grid panel-no-style\">\n<div id=\"pgc-w5775387f2b5ac-0-0\" class=\"panel-grid-cell\">\n<div id=\"panel-w5775387f2b5ac-0-0-2\" class=\"so-panel widget widget_text panel-last-child\">\n<div class=\"textwidget\">\n<p class=\"seed_content_tbt_single_article_excerpt\"><em><strong>\u00c8 in vendita il numero di novembre di <a href=\"http:\/\/www.blogdetenis.it\/\">&#8220;Scarp de&#8217; tenis&#8221;<\/a>, il mensile della strada promosso da Caritas Ambrosiana e Caritas Italiana.<\/strong><\/em><\/p>\n<\/div>\n<\/div>\n<\/div>\n<\/div>\n<div class=\"row seed_content_tbt_single_article_wrapper panel-row-style panel-row-style-for-w5775387f2b5ac-1\">\n<div id=\"pgc-w5775387f2b5ac-1-0\" class=\"panel-grid-cell\">\n<div class=\"col-lg-3 panel-cell-style panel-cell-style-for-w5775387f2b5ac-1-0\">\n<div id=\"panel-w5775387f2b5ac-1-0-0\" class=\"so-panel widget widget_text panel-first-child panel-last-child\">\n<div class=\"textwidget\">\n<div class=\"seed_content_tbt_single_article_data\"><em>&#8220;Per una volta parliamo di noi. Inteso come giornali di strada. E il motivo c\u2019\u00e8. Insp, la rete internazionale dei giornali di strada, della quale anche Scarp fa parte, compie 25 anni&#8221;<\/em>. Si apre cos\u00ec l&#8217;editoriale di Stefano Lampertico che apre il numero di novembre di <em>Scarp de&#8217; tenis<\/em>, il mensile della strada promosso da Caritas Ambrosiana e Caritas Italiana. Il direttore continua poi la sua riflessione&#8230;<\/div>\n<\/div>\n<\/div>\n<\/div>\n<\/div>\n<div id=\"pgc-w5775387f2b5ac-1-1\" class=\"panel-grid-cell\">\n<div class=\"col-lg-9 cci-content-tbt-page-wrapper-content panel-cell-style panel-cell-style-for-w5775387f2b5ac-1-1\">\n<div id=\"panel-w5775387f2b5ac-1-1-0\" class=\"so-panel widget widget_text panel-first-child panel-last-child\">\n<div class=\"textwidget\">\n<p><em>Per una volta parliamo di noi. Inteso come giornali di strada. E il motivo c\u2019\u00e8. Insp, la rete internazionale dei giornali di strada, della quale anche Scarp fa parte, compie 25 anni.<\/em><br \/>\n<em>Un anniversario importante che \u00e8 giusto celebrare anche sulle nostre pagine. Lo facciamo raccontando storie, come siamo soliti fare. Le storie di alcune esperienze, come la nostra, che fanno capire come e quanto siano importanti i giornali di strada, in ogni parte del pianeta. Raccontiamo, solo per fare qualche esempio, dell\u2019ultimo nato, Peat\u00f3n, giornale di strada peruviano; raccontiamo l\u2019esperienza degli amici di Zebra, giornale di strada bilingue dell\u2019Alto Adige. Raccontiamo i primi 25 anni di un movimento che, oggi, vede uniti insieme pi\u00f9 di 100 giornali di strada nel mondo, pubblicati in 25 lingue diverse, con pi\u00f9 di 25 mila venditori che ogni anno si guadagnano da vivere vendendo i giornali e che raggiunge in un anno pi\u00f9 di 4 milioni e mezzo di lettori nei cinque continenti.<\/em><br \/>\n<em>E l\u2019anno prossimo ospiteremo proprio a Milano, nel mese di giugno, e per la prima volta in Italia, il Global Summit di tutti i giornali di strada. Sar\u00e0 una bella occasione di confronto su temi, spesso ignorati, dai canali della comunicazione di massa.<\/em><br \/>\n<em>Parlando sempre di Scarp, non posso fare a meno di ricordare un altro anniversario. Bruno Brancher, l\u2019ultimo picaro, moriva dieci anni fa, nel novembre del 2009. Una vita da romanzo. Collabor\u00f2 con noi sin dal primo numero. Lo ricordano pi\u00f9 avanti nel giornale due grandi penne, due suoi amici, Paolo Lambruschi, allora direttore di questo giornale, e Piero Colaprico, uno che il mondo della \u201cmala\u201d milanese lo conosce meglio delle sue tasche.<\/em><br \/>\n<em>E allora l\u2019angolo della poesia \u00e8 tutto di Bruno. In sua memoria. In autobus a Milano. \u00abQuell\u2019autobus non andr\u00e0 mai in paradiso\/ perch\u00e9 circumnaviga su terraferma\/ le desolate e accidentate periferie milanesi.\/ In paradiso, casomai\/ ci andranno altri autobus\/ che sono quelli che si addentrano,\/ bordeggiando come \u201cwatch\u201d di diporto\/ nel ricco centro storico di Milano\u00bb.<\/em><\/p>\n<\/div>\n<\/div>\n<\/div>\n<\/div>\n<\/div>\n<p>&nbsp;<\/p>\n<p style=\"text-align: right\">[articolo tratto da <a href=\"https:\/\/comunicazionisociali.chiesacattolica.it\/scarp-di-novembre-25-anni-di-giornali-di-strada-nel-mondo\/\">comunicazionisociali.chiesacattolica.it<\/a>]<\/p>\n","protected":false},"excerpt":{"rendered":"<p>\u00c8 in vendita il numero di novembre di &#8220;Scarp de&#8217; tenis&#8221;, il mensile della strada promosso da Caritas Ambrosiana e Caritas Italiana. &#8220;Per una volta parliamo di noi. Inteso come giornali di strada. E il motivo c\u2019\u00e8. Insp, la rete internazionale dei giornali di strada, della quale anche Scarp fa parte, compie 25 anni&#8221;. Si [&hellip;]<\/p>\n","protected":false},"author":0,"featured_media":376,"comment_status":"closed","ping_status":"open","sticky":false,"template":"","format":"standard","meta":{"_acf_changed":false,"ip_address":"","user_agent":"","level":"","revision":"","cookie_id":"","page_referer":"","html_form":"","footnotes":""},"categories":[1,2],"tags":[],"class_list":["post-375","post","type-post","status-publish","format-standard","has-post-thumbnail","hentry","category-caritas-italiana","category-notizie"],"acf":[],"_links":{"self":[{"href":"https:\/\/www.patriarcatovenezia.it\/caritas\/wp-json\/wp\/v2\/posts\/375"}],"collection":[{"href":"https:\/\/www.patriarcatovenezia.it\/caritas\/wp-json\/wp\/v2\/posts"}],"about":[{"href":"https:\/\/www.patriarcatovenezia.it\/caritas\/wp-json\/wp\/v2\/types\/post"}],"author":[{"embeddable":true,"href":"https:\/\/www.patriarcatovenezia.it\/caritas\/wp-json\/wp\/v2\/users\/10"}],"replies":[{"embeddable":true,"href":"https:\/\/www.patriarcatovenezia.it\/caritas\/wp-json\/wp\/v2\/comments?post=375"}],"version-history":[{"count":1,"href":"https:\/\/www.patriarcatovenezia.it\/caritas\/wp-json\/wp\/v2\/posts\/375\/revisions"}],"predecessor-version":[{"id":377,"href":"https:\/\/www.patriarcatovenezia.it\/caritas\/wp-json\/wp\/v2\/posts\/375\/revisions\/377"}],"wp:featuredmedia":[{"embeddable":true,"href":"https:\/\/www.patriarcatovenezia.it\/caritas\/wp-json\/wp\/v2\/media\/376"}],"wp:attachment":[{"href":"https:\/\/www.patriarcatovenezia.it\/caritas\/wp-json\/wp\/v2\/media?parent=375"}],"wp:term":[{"taxonomy":"category","embeddable":true,"href":"https:\/\/www.patriarcatovenezia.it\/caritas\/wp-json\/wp\/v2\/categories?post=375"},{"taxonomy":"post_tag","embeddable":true,"href":"https:\/\/www.patriarcatovenezia.it\/caritas\/wp-json\/wp\/v2\/tags?post=375"}],"curies":[{"name":"wp","href":"https:\/\/api.w.org\/{rel}","templated":true}]}}