{"id":362,"date":"2019-10-17T12:47:49","date_gmt":"2019-10-17T10:47:49","guid":{"rendered":"https:\/\/venezia.webdiocesi.it\/caritas\/?p=362"},"modified":"2019-10-17T12:47:49","modified_gmt":"2019-10-17T10:47:49","slug":"dossier-caritas-sulle-disuguaglianze","status":"publish","type":"post","link":"https:\/\/www.patriarcatovenezia.it\/caritas\/2019\/10\/17\/dossier-caritas-sulle-disuguaglianze\/","title":{"rendered":"Dossier Caritas sulle disuguaglianze"},"content":{"rendered":"<p>Le disuguaglianze rappresentano nel mondo di oggi un fenomeno preoccupante. Esse sono in crescita costante a partire dagli anni &#8217;80 del secolo scorso. Allo stesso tempo, aumenta il numero delle persone affamate: secondo la FAO erano 821 milioni nel 2018.\u00a0 In vista del\u00a0<strong>16 ottobre, Giornata mondiale ONU dell&#8217;alimentazione<\/strong>\u00a0che coincide anche con la data di fondazione della FAO, Caritas Italiana pubblica il Dossier con Dati e Testimonianze (DDT)\u00a0<a href=\"https:\/\/www.caritas.it\/materiali\/Mondo\/ddt51_disuguaglianze2019.pdf\" target=\"_blank\" rel=\"noopener\"><strong>&#8220;Disuguaglianze: nel cuore del problema&#8221;<\/strong><\/a>\u00a0(.pdf). Si aggiunge ai 50 gi\u00e0 pubblicati da Caritas Italiana a partire dal 2015, tutti\u00a0<a href=\"https:\/\/www.caritas.it\/home_page\/area_stampa\/00005919_Dossier_con_dati_e_testimonianze.html\" target=\"_blank\" rel=\"noopener\">disponibili on-line<\/a>.<\/p>\n<p>\u00abAssieme alla fame &#8211; si legge nel testo &#8211; crescono le patologie da &#8220;sovranutrizione&#8221;, come l&#8217;obesit\u00e0, mentre rimane altissimo lo spreco alimentare. L&#8217;umanit\u00e0 consuma ogni anno sempre pi\u00f9 risorse materiali. Tutto questo segnala un sistema profondamente ingiusto, che si basa sull&#8217;estrazione delle risorse, sulla marginalizzazione delle comunit\u00e0 locali, sul profitto per pochi, sulla promozione di diete squilibrate: \u00e8 un sistema nel quale queste manifestazioni contraddittorie rappresentano il funzionamento ordinario&#8230; Ma le risorse del pianeta sono limitate, e le disuguaglianze eccessive scavano solchi tra le persone&#8221;.<\/p>\n<p>Il primo passo \u00e8 quindi quello di\u00a0<strong>costruire una cultura orientata alla dignit\u00e0 e alla giustizia<\/strong>: le disuguaglianze sono state spesso sottovalutate, come fenomeno tutto sommato positivo, oppure non troppo grave, oppure in qualche modo inevitabile a fronte di un sistema che comunque \u00e8 in grado di dare una risposta ai bisogni dei poveri, sempre pi\u00f9 messi alla prova in un contesto di cambiamento climatico. Ma secondo i dati del dossier, nessuna di queste affermazioni \u00e8 vera. \u00c8\u00a0 necessario costruire invece una societ\u00e0 diversa: pi\u00f9 equa e inclusiva. Ma anche capace di trasformare il sistema economico che ora domina il pianeta. Le disuguaglianze non sono la conseguenza ineluttabile del destino, ma il risultato di scelte ben precise, che \u00e8 possibile contrastare.<\/p>\n<p>Ricordiamo come la Giornata mondiale dell&#8217;Alimentazione fu istituita dai paesi membri della FAO durante la 20\u00b0 Conferenza Generale dell&#8217;Organizzazione nel novembre 1979 e ha come obiettivo quello di sensibilizzare sulle problematiche della povert\u00e0, della fame e della malnutrizione nel mondo, sulla sicurezza alimentare e per diffondere diete nutrienti per tutti. L&#8217;obiettivo principale \u00e8 incoraggiare le persone, a livello globale, ad agire contro questi problemi. Ogni anno viene messo in risalto un particolare tema sul quale vengono focalizzate le attivit\u00e0.<\/p>\n<p>&nbsp;<\/p>\n<ul>\n<li><a href=\"https:\/\/www.caritas.it\/materiali\/Mondo\/ddt51_disuguaglianze2019.pdf\" target=\"_blank\" rel=\"noopener\">Dossier con dati e testimonianze<\/a>\u00a0(.pdf)<\/li>\n<li><a href=\"https:\/\/www.caritas.it\/home_page\/area_stampa\/00008271_Messaggio_per_la_III_Giornata_mondiale_dei_Poveri__17_novembre_2019_.html\" target=\"_blank\" rel=\"noopener\">III Giornata mondiale dei poveri<\/a>\u00a0(17 novembre 2019)<\/li>\n<li><a href=\"http:\/\/www.redditoinclusione.it\/\" target=\"_blank\" rel=\"noopener\">Alleanza contro la Povert\u00e0<\/a><\/li>\n<li><a href=\"https:\/\/www.forumdisuguaglianzediversita.org\/\" target=\"_blank\" rel=\"noopener\">Forum Disuguaglianze e Diversit\u00e0<\/a><\/li>\n<li><a href=\"http:\/\/www.chiudiamolaforbice.it\/\" target=\"_blank\" rel=\"noopener\">Campagna &#8220;Chiudiamo la forbice&#8221;<\/a><\/li>\n<\/ul>\n<div><\/div>\n<div style=\"text-align: right\">[Fonte: <a href=\"https:\/\/www.caritas.it\/pls\/caritasitaliana\/V3_S2EW_CONSULTAZIONE.mostra_pagina?id_pagina=8442&amp;rifi=guest&amp;rifp=guest\">Caritas Italiana<\/a>]<\/div>\n","protected":false},"excerpt":{"rendered":"<p>Le disuguaglianze rappresentano nel mondo di oggi un fenomeno preoccupante. Esse sono in crescita costante a partire dagli anni &#8217;80 del secolo scorso. Allo stesso tempo, aumenta il numero delle persone affamate: secondo la FAO erano 821 milioni nel 2018.\u00a0 In vista del\u00a016 ottobre, Giornata mondiale ONU dell&#8217;alimentazione\u00a0che coincide anche con la data di fondazione [&hellip;]<\/p>\n","protected":false},"author":0,"featured_media":363,"comment_status":"closed","ping_status":"open","sticky":false,"template":"","format":"standard","meta":{"_acf_changed":false,"ip_address":"","user_agent":"","level":"","revision":"","cookie_id":"","page_referer":"","html_form":"","footnotes":""},"categories":[1,2],"tags":[],"class_list":["post-362","post","type-post","status-publish","format-standard","has-post-thumbnail","hentry","category-caritas-italiana","category-notizie"],"acf":[],"_links":{"self":[{"href":"https:\/\/www.patriarcatovenezia.it\/caritas\/wp-json\/wp\/v2\/posts\/362"}],"collection":[{"href":"https:\/\/www.patriarcatovenezia.it\/caritas\/wp-json\/wp\/v2\/posts"}],"about":[{"href":"https:\/\/www.patriarcatovenezia.it\/caritas\/wp-json\/wp\/v2\/types\/post"}],"author":[{"embeddable":true,"href":"https:\/\/www.patriarcatovenezia.it\/caritas\/wp-json\/wp\/v2\/users\/10"}],"replies":[{"embeddable":true,"href":"https:\/\/www.patriarcatovenezia.it\/caritas\/wp-json\/wp\/v2\/comments?post=362"}],"version-history":[{"count":1,"href":"https:\/\/www.patriarcatovenezia.it\/caritas\/wp-json\/wp\/v2\/posts\/362\/revisions"}],"predecessor-version":[{"id":364,"href":"https:\/\/www.patriarcatovenezia.it\/caritas\/wp-json\/wp\/v2\/posts\/362\/revisions\/364"}],"wp:featuredmedia":[{"embeddable":true,"href":"https:\/\/www.patriarcatovenezia.it\/caritas\/wp-json\/wp\/v2\/media\/363"}],"wp:attachment":[{"href":"https:\/\/www.patriarcatovenezia.it\/caritas\/wp-json\/wp\/v2\/media?parent=362"}],"wp:term":[{"taxonomy":"category","embeddable":true,"href":"https:\/\/www.patriarcatovenezia.it\/caritas\/wp-json\/wp\/v2\/categories?post=362"},{"taxonomy":"post_tag","embeddable":true,"href":"https:\/\/www.patriarcatovenezia.it\/caritas\/wp-json\/wp\/v2\/tags?post=362"}],"curies":[{"name":"wp","href":"https:\/\/api.w.org\/{rel}","templated":true}]}}