{"id":351,"date":"2019-09-25T11:00:31","date_gmt":"2019-09-25T09:00:31","guid":{"rendered":"https:\/\/venezia.webdiocesi.it\/caritas\/?p=351"},"modified":"2019-09-25T11:01:02","modified_gmt":"2019-09-25T09:01:02","slug":"scarp-di-ottobre-il-nuovo-governo-e-le-attese-dei-poveri","status":"publish","type":"post","link":"https:\/\/www.patriarcatovenezia.it\/caritas\/2019\/09\/25\/scarp-di-ottobre-il-nuovo-governo-e-le-attese-dei-poveri\/","title":{"rendered":"Scarp di ottobre: il nuovo governo e le attese dei poveri"},"content":{"rendered":"<div id=\"pg-w5775387f2b5ac-0\" class=\"panel-grid panel-no-style\">\n<div id=\"pgc-w5775387f2b5ac-0-0\" class=\"panel-grid-cell\">\n<div id=\"panel-w5775387f2b5ac-0-0-2\" class=\"so-panel widget widget_text panel-last-child\">\n<div class=\"textwidget\">\n<p class=\"seed_content_tbt_single_article_excerpt\">\u00c8 in vendita il numero di ottobre di <a href=\"http:\/\/www.blogdetenis.it\/\">&#8220;Scarp de&#8217; tenis&#8221;<\/a>, il mensile della strada promosso da Caritas Ambrosiana e Caritas Italiana.<\/p>\n<p class=\"seed_content_tbt_single_article_excerpt\"><em>&#8220;Ci siamo addormentati la sera col governo giallo-verde (poco giallo e tanto verde), ci siamo svegliati la mattina e ne abbiamo trovato uno nuovo di zecca, rosso-giallo&#8221;<\/em>. Si apre cos\u00ec l&#8217;editoriale di Stefano Lampertico che apre il numero di ottobre di\u00a0<em>Scarp de&#8217; tenis<\/em>, il mensile della strada promosso da Caritas Ambrosiana e Caritas Italiana. Il direttore continua poi la sua riflessione&#8230;<\/p>\n<\/div>\n<\/div>\n<\/div>\n<\/div>\n<div id=\"pg-w5775387f2b5ac-1\" class=\"panel-grid panel-has-style\">\n<div class=\"row seed_content_tbt_single_article_wrapper panel-row-style panel-row-style-for-w5775387f2b5ac-1\">\n<div id=\"pgc-w5775387f2b5ac-1-1\" class=\"panel-grid-cell\">\n<div class=\"col-lg-9 cci-content-tbt-page-wrapper-content panel-cell-style panel-cell-style-for-w5775387f2b5ac-1-1\">\n<div id=\"panel-w5775387f2b5ac-1-1-0\" class=\"so-panel widget widget_text panel-first-child panel-last-child\">\n<div class=\"textwidget\">\n<blockquote><p><em>\u00c8 la sintesi di un\u2019estate bruciata pi\u00f9 dalla politica che dall\u2019anticiclone delle Azzorre. Cosa cambia, dal punto di vista della strada? Poco per ora, ma stiamo a vedere, curiosi. Al di l\u00e0 dei colori, interessano i contenuti, le proposte, le idee. Strumenti di lotta alla povert\u00e0, inclusione, accoglienza, giustizia sociale, welfare. Sono questi i temi che ci faranno esprimere pareri. Sperando di non dover leggere pi\u00f9 notizie come questa: \u00abMulta di diciassette euro a volontario. Multati perch\u00e9 fermi sul primo binario, arbitrariamente, privi di biglietto a distribuire coperte ai senza fissa dimora. \u00c8 successo a Foggia mercoled\u00ec 11 settembre: a denunciare l\u2019assurda contestazione sono i volontari dell&#8217;associazione Fratelli della stazione, che da anni si occupano di portare beni di prima necessit\u00e0 e un sorriso a chi ne ha bisogno\u00bb. Ecco, che il cambiamento parta da qui. Che si finisca una volta per tutte di colpire chi aiuta gli altri, chi compie gesti di solidariet\u00e0, chi accoglie invece che respingere. Basta poco. Cambio registro. Anche nel nostro piccolo vogliamo dare il contributo alla lotta contro gli sprechi e contro l\u2019uso eccessivo della plastica. Ve ne sarete accorti. La pellicola utilizzata per confezionare il giornale non \u00e8 pi\u00f9 di plastica, ma di un materiale ecologico completamente riciclabile. Un piccolo segno, che va per\u00f2 nella giusta direzione. Una notizia importante: grazie alla Caritas diocesana, potrete trovare Scarpogni mese anche a Cremona. Ed infine.Nella sua storica rubrica domenicale su La Repubblica, da qualche tempo, Gianni Mura propone frammenti di poesie. Lo voglio fare anch\u2019io, qui, sulla scia del maestro. Neruda, allora, per cominciare, con un frammento tratto da La povert\u00e0. \u00abAhi, non vuoi,\/ ti spaventa la povert\u00e0,\/ non vuoi andare con scarpe rotte al mercato\/e tornare col vecchio vestito.\/Amore, non amiamo,\/come vogliono i ricchi, la miseria.\/Noi la estirperemo come dente maligno\/che finora ha morso il cuore dell\u2019uomo\u00bb.<\/em><\/p><\/blockquote>\n<p style=\"text-align: right\">[fonte\u00a0<a href=\"https:\/\/comunicazionisociali.chiesacattolica.it\/scarp-di-ottobre-il-nuovo-governo-e-le-attese-dei-poveri\/\">comunicazionisociali.chiesacattolica.it<\/a>]<\/p>\n<\/div>\n<\/div>\n<\/div>\n<\/div>\n<\/div>\n<\/div>\n","protected":false},"excerpt":{"rendered":"<p>\u00c8 in vendita il numero di ottobre di &#8220;Scarp de&#8217; tenis&#8221;, il mensile della strada promosso da Caritas Ambrosiana e Caritas Italiana. &#8220;Ci siamo addormentati la sera col governo giallo-verde (poco giallo e tanto verde), ci siamo svegliati la mattina e ne abbiamo trovato uno nuovo di zecca, rosso-giallo&#8221;. Si apre cos\u00ec l&#8217;editoriale di Stefano [&hellip;]<\/p>\n","protected":false},"author":0,"featured_media":352,"comment_status":"closed","ping_status":"open","sticky":false,"template":"","format":"standard","meta":{"_acf_changed":false,"ip_address":"","user_agent":"","level":"","revision":"","cookie_id":"","page_referer":"","html_form":"","footnotes":""},"categories":[1,2],"tags":[],"class_list":["post-351","post","type-post","status-publish","format-standard","has-post-thumbnail","hentry","category-caritas-italiana","category-notizie"],"acf":[],"_links":{"self":[{"href":"https:\/\/www.patriarcatovenezia.it\/caritas\/wp-json\/wp\/v2\/posts\/351"}],"collection":[{"href":"https:\/\/www.patriarcatovenezia.it\/caritas\/wp-json\/wp\/v2\/posts"}],"about":[{"href":"https:\/\/www.patriarcatovenezia.it\/caritas\/wp-json\/wp\/v2\/types\/post"}],"author":[{"embeddable":true,"href":"https:\/\/www.patriarcatovenezia.it\/caritas\/wp-json\/wp\/v2\/users\/10"}],"replies":[{"embeddable":true,"href":"https:\/\/www.patriarcatovenezia.it\/caritas\/wp-json\/wp\/v2\/comments?post=351"}],"version-history":[{"count":2,"href":"https:\/\/www.patriarcatovenezia.it\/caritas\/wp-json\/wp\/v2\/posts\/351\/revisions"}],"predecessor-version":[{"id":354,"href":"https:\/\/www.patriarcatovenezia.it\/caritas\/wp-json\/wp\/v2\/posts\/351\/revisions\/354"}],"wp:featuredmedia":[{"embeddable":true,"href":"https:\/\/www.patriarcatovenezia.it\/caritas\/wp-json\/wp\/v2\/media\/352"}],"wp:attachment":[{"href":"https:\/\/www.patriarcatovenezia.it\/caritas\/wp-json\/wp\/v2\/media?parent=351"}],"wp:term":[{"taxonomy":"category","embeddable":true,"href":"https:\/\/www.patriarcatovenezia.it\/caritas\/wp-json\/wp\/v2\/categories?post=351"},{"taxonomy":"post_tag","embeddable":true,"href":"https:\/\/www.patriarcatovenezia.it\/caritas\/wp-json\/wp\/v2\/tags?post=351"}],"curies":[{"name":"wp","href":"https:\/\/api.w.org\/{rel}","templated":true}]}}