{"id":317,"date":"2019-08-29T09:10:46","date_gmt":"2019-08-29T07:10:46","guid":{"rendered":"https:\/\/venezia.webdiocesi.it\/caritas\/?p=317"},"modified":"2019-08-29T09:10:46","modified_gmt":"2019-08-29T07:10:46","slug":"e-in-vendita-il-numero-di-agosto-di-scarp-de-tenis","status":"publish","type":"post","link":"https:\/\/www.patriarcatovenezia.it\/caritas\/2019\/08\/29\/e-in-vendita-il-numero-di-agosto-di-scarp-de-tenis\/","title":{"rendered":"\u00c8 in vendita il numero di agosto di &#8220;Scarp de&#8217; tenis&#8221;"},"content":{"rendered":"<p><em>&#8220;L\u2019ingiustizia sociale \u00e8\u00a0una bestemmia&#8221;<\/em>. Si apre cos\u00ec l&#8217;editoriale di Stefano Lampertico che apre il numero di agosto di\u00a0<em>Scarp de&#8217; tenis<\/em>, il mensile della strada promosso da Caritas Ambrosiana e Caritas Italiana. Il direttore continua poi la sua riflessione&#8230;<\/p>\n<p><em>\u00abAlle 22 circa del 4 luglio 2019, in virt\u00f9 dell\u2019articolo 28 comma 1 del regolamento di Polizia Urbana (articolo che vieta il bivacco per strada e sanziona le persone senza fissa dimora), una persona in condizione di senza dimora \u00e8 stata multata di 200\u20ac perch\u00e9 dormiva in Piazza Piccapietra\u00bb.<\/em><br \/>\n<em>Succede a Genova, in piena estate. La denuncia, sui social, \u00e8 dell\u2019Opera sociale dei Gesuiti San Marcellino. Si punisce, insomma, chi vive per strada, come se vivere in quelle condizioni di disagio estremo, di dignit\u00e0 negata, di umanit\u00e0 calpestata, fosse una scelta \u201cromantica\u201d. Lo si punisce in nome del decoro urbano. Con una misura avvilente, inutilmente cattiva verso chi la subisce e che, con molte probabilit\u00e0, finir\u00e0 per non essere pagata.<\/em><br \/>\n<em>Lo stesso giorno, sempre il 4 luglio \u2013 lo apprendiamo dal sito della Fio.PSD (l\u2019organizzazione che riunisce gli organismi impegnati in progetti per le persone senza dimora), l\u2019Inps ha rilasciato la circolare 2521 (Prestazioni a sostegno del reddito riferite a soggetti senza fissa dimora. Chiarimenti al messaggio n. 689 del 20 febbraio 2019) nella quale si ribadisce che \u201cLe persone senza fissa dimora sono persone che non hanno una residenza fissa, ma hanno il diritto di ottenere una residenza, ancorch\u00e9 \u201cfittizia\u201d, nel Comune dove hanno stabilito il proprio domicilio&#8230;\u201d.<\/em><br \/>\n<em>Una buona notizia, perch\u00e9 il requisito della residenza \u00e8 fondamentale per avere accesso alle prestazioni di sostegno al reddito e a tante altre forme di assistenza (sanitaria e non solo). Peccato che molti Comuni considerino questa circolare come inutile, pongano ostacoli all&#8217;ottenimento di questo sacrosanto diritto, ne ignorino addirittura l\u2019esistenza.<\/em><br \/>\n<em>Insomma. Tante multe, pochi aiuti. E l\u2019esercito degli invisibili, 50 mila persone senza dimora in Italia, continua a ingrossarsi.Senza che neppure si intravedano, nel futuro immediato, misure concrete di lotta alla povert\u00e0 e strumenti di sostegno per gli ultimi della fila. \u00c8 il tempo della denuncia. Un Paese che abbandona i pi\u00f9 poveri al loro destino non \u00e8 un Paese civile.<\/em><\/p>\n<p>Per acquistare la copia in formato digitale:\u00a0<a href=\"http:\/\/www.social-shop.it\/\">http:\/\/www.social-shop.it\/<\/a><\/p>\n<p style=\"text-align: right\">[fonte <a href=\"http:\/\/www.blogdetenis.it\/in-questo-numero\/\">blogdetenis.it<\/a>]<\/p>\n","protected":false},"excerpt":{"rendered":"<p>&#8220;L\u2019ingiustizia sociale \u00e8\u00a0una bestemmia&#8221;. Si apre cos\u00ec l&#8217;editoriale di Stefano Lampertico che apre il numero di agosto di\u00a0Scarp de&#8217; tenis, il mensile della strada promosso da Caritas Ambrosiana e Caritas Italiana. Il direttore continua poi la sua riflessione&#8230; \u00abAlle 22 circa del 4 luglio 2019, in virt\u00f9 dell\u2019articolo 28 comma 1 del regolamento di Polizia [&hellip;]<\/p>\n","protected":false},"author":0,"featured_media":318,"comment_status":"closed","ping_status":"open","sticky":false,"template":"","format":"standard","meta":{"_acf_changed":false,"ip_address":"","user_agent":"","level":"","revision":"","cookie_id":"","page_referer":"","html_form":"","footnotes":""},"categories":[1,2],"tags":[],"class_list":["post-317","post","type-post","status-publish","format-standard","has-post-thumbnail","hentry","category-caritas-italiana","category-notizie"],"acf":[],"_links":{"self":[{"href":"https:\/\/www.patriarcatovenezia.it\/caritas\/wp-json\/wp\/v2\/posts\/317"}],"collection":[{"href":"https:\/\/www.patriarcatovenezia.it\/caritas\/wp-json\/wp\/v2\/posts"}],"about":[{"href":"https:\/\/www.patriarcatovenezia.it\/caritas\/wp-json\/wp\/v2\/types\/post"}],"author":[{"embeddable":true,"href":"https:\/\/www.patriarcatovenezia.it\/caritas\/wp-json\/wp\/v2\/users\/10"}],"replies":[{"embeddable":true,"href":"https:\/\/www.patriarcatovenezia.it\/caritas\/wp-json\/wp\/v2\/comments?post=317"}],"version-history":[{"count":2,"href":"https:\/\/www.patriarcatovenezia.it\/caritas\/wp-json\/wp\/v2\/posts\/317\/revisions"}],"predecessor-version":[{"id":320,"href":"https:\/\/www.patriarcatovenezia.it\/caritas\/wp-json\/wp\/v2\/posts\/317\/revisions\/320"}],"wp:featuredmedia":[{"embeddable":true,"href":"https:\/\/www.patriarcatovenezia.it\/caritas\/wp-json\/wp\/v2\/media\/318"}],"wp:attachment":[{"href":"https:\/\/www.patriarcatovenezia.it\/caritas\/wp-json\/wp\/v2\/media?parent=317"}],"wp:term":[{"taxonomy":"category","embeddable":true,"href":"https:\/\/www.patriarcatovenezia.it\/caritas\/wp-json\/wp\/v2\/categories?post=317"},{"taxonomy":"post_tag","embeddable":true,"href":"https:\/\/www.patriarcatovenezia.it\/caritas\/wp-json\/wp\/v2\/tags?post=317"}],"curies":[{"name":"wp","href":"https:\/\/api.w.org\/{rel}","templated":true}]}}