{"id":1847,"date":"2024-11-13T15:06:21","date_gmt":"2024-11-13T14:06:21","guid":{"rendered":"https:\/\/www.patriarcatovenezia.it\/caritas\/2024\/11\/13\/incontro-sul-tema-della-poverta-educativa\/"},"modified":"2025-03-24T09:55:09","modified_gmt":"2025-03-24T08:55:09","slug":"incontro-sul-tema-della-poverta-educativa","status":"publish","type":"post","link":"https:\/\/www.patriarcatovenezia.it\/caritas\/2024\/11\/13\/incontro-sul-tema-della-poverta-educativa\/","title":{"rendered":"INCONTRO SUL TEMA DELLA POVERTA&#8217; EDUCATIVA"},"content":{"rendered":"<p>Luned\u00ec 18 novembre 2024, alle ore 17.00, presso l&#8217;Universit\u00e0 Ca&#8217; Foscari di Venezia (<em>Aula 2B &#8211; Campus Economico San Giobbe<\/em><em>\u00a0<\/em><em>&#8211;\u00a0<\/em><em>Fondamenta S. Giobbe, 873, Venezia<\/em>)<\/p>\n<p>Young Caritas Venezia, in collaborazione con la Pastorale Universitaria e la Pastorale Giovanile di Venezia , organizzano un incontro che ha come tema la Povert\u00e0 Educativa. Interverr\u00e0 Gaia Bertarelli, ricercatrice in Statistica Sociale presso il Dipartimento di Economia dell&#8217;Universit\u00e0 Ca&#8217; Foscari di Venezia. I campi di applicazione della sua ricerca riguardano principalmente le disuguaglianze e gli aspetti multidimensionali della povert\u00e0. \u0400 membro esperto della commissione ISTAT per lo studio, la definizione e la misurazione della povert\u00e0 educativa. Ha collaborato con Save The Children su indagini riguardanti il lavoro e la povert\u00e0 minorili e le aspirazioni dei minori.<\/p>\n<p>L&#8217;ingresso \u00e8 libero, \u00e8 gradita la prenotazione al seguente link.<\/p>\n<p><a href=\"https:\/\/www.eventbrite.com\/e\/biglietti-incontro-sulla-poverta-educativa-1082125138419?aff=oddtdtcreator\">https:\/\/www.eventbrite.com\/e\/biglietti-incontro-sulla-poverta-educativa-1082125138419?aff=oddtdtcreator<\/a><\/p>\n","protected":false},"excerpt":{"rendered":"<p>Luned\u00ec 18 novembre 2024, alle ore 17.00, presso l&#8217;Universit\u00e0 Ca&#8217; Foscari di Venezia (Aula 2B &#8211; Campus Economico San Giobbe\u00a0&#8211;\u00a0Fondamenta S. Giobbe, 873, Venezia) Young Caritas Venezia, in collaborazione con la Pastorale Universitaria e la Pastorale Giovanile di Venezia , organizzano un incontro che ha come tema la Povert\u00e0 Educativa. Interverr\u00e0 Gaia Bertarelli, ricercatrice in [&hellip;]<\/p>\n","protected":false},"author":0,"featured_media":1848,"comment_status":"closed","ping_status":"closed","sticky":false,"template":"","format":"standard","meta":{"_acf_changed":false,"ip_address":"","user_agent":"","level":"","revision":"","cookie_id":"","page_referer":"","html_form":"","footnotes":""},"categories":[2],"tags":[],"class_list":["post-1847","post","type-post","status-publish","format-standard","has-post-thumbnail","hentry","category-notizie"],"acf":[],"_links":{"self":[{"href":"https:\/\/www.patriarcatovenezia.it\/caritas\/wp-json\/wp\/v2\/posts\/1847"}],"collection":[{"href":"https:\/\/www.patriarcatovenezia.it\/caritas\/wp-json\/wp\/v2\/posts"}],"about":[{"href":"https:\/\/www.patriarcatovenezia.it\/caritas\/wp-json\/wp\/v2\/types\/post"}],"author":[{"embeddable":true,"href":"https:\/\/www.patriarcatovenezia.it\/caritas\/wp-json\/wp\/v2\/users\/33"}],"replies":[{"embeddable":true,"href":"https:\/\/www.patriarcatovenezia.it\/caritas\/wp-json\/wp\/v2\/comments?post=1847"}],"version-history":[{"count":1,"href":"https:\/\/www.patriarcatovenezia.it\/caritas\/wp-json\/wp\/v2\/posts\/1847\/revisions"}],"predecessor-version":[{"id":2593,"href":"https:\/\/www.patriarcatovenezia.it\/caritas\/wp-json\/wp\/v2\/posts\/1847\/revisions\/2593"}],"wp:featuredmedia":[{"embeddable":true,"href":"https:\/\/www.patriarcatovenezia.it\/caritas\/wp-json\/wp\/v2\/media\/1848"}],"wp:attachment":[{"href":"https:\/\/www.patriarcatovenezia.it\/caritas\/wp-json\/wp\/v2\/media?parent=1847"}],"wp:term":[{"taxonomy":"category","embeddable":true,"href":"https:\/\/www.patriarcatovenezia.it\/caritas\/wp-json\/wp\/v2\/categories?post=1847"},{"taxonomy":"post_tag","embeddable":true,"href":"https:\/\/www.patriarcatovenezia.it\/caritas\/wp-json\/wp\/v2\/tags?post=1847"}],"curies":[{"name":"wp","href":"https:\/\/api.w.org\/{rel}","templated":true}]}}