{"id":159,"date":"2019-08-02T15:48:21","date_gmt":"2019-08-02T13:48:21","guid":{"rendered":"https:\/\/venezia.webdiocesi.it\/caritas\/?p=159"},"modified":"2019-08-06T08:50:23","modified_gmt":"2019-08-06T06:50:23","slug":"mestre-e-venezia-mense-per-i-poveri-in-vacanza-ma-i-pasti-no-ecco-come-ci-si-organizza","status":"publish","type":"post","link":"https:\/\/www.patriarcatovenezia.it\/caritas\/2019\/08\/02\/mestre-e-venezia-mense-per-i-poveri-in-vacanza-ma-i-pasti-no-ecco-come-ci-si-organizza\/","title":{"rendered":"Mestre e Venezia: mense per i poveri in vacanza, ma i pasti no. Ecco come ci si organizza"},"content":{"rendered":"<p>Anche le mense vanno in vacanza. E i poveri in citt\u00e0 bussano alla porta altrove. Basta seguire il profumo di buono che dai camini di via Querini e via Cappuccina serpeggia in via Santa Maria dei Battuti, fino alla margherina via Mameli.<\/p>\n<p>Sono le abitudini solidali che, nel cuore dell\u2019estate, cambiano itinerario. Le fatiche invernali della mensa dei cappuccini e di Ca\u2019 Letizia cedono il passo all\u2019instancabile mensa-dormitorio Papa Francesco a Marghera e alla Casa dell\u2019ospitalit\u00e0, che sta gi\u00e0 scaldando i fornelli.<\/p>\n<p>Se durante l\u2019anno la colazione e la cena dei bisognosi abitavano via Querini e il pranzo la vicina via Cappuccina, ora il pranzo, gestito dal Comune con il contributo della Caritas diocesana, si trasferisce alla Casa dell\u2019ospitalit\u00e0 di via Santa Maria dei Battuti, mentre la cena prosegue per tutto l\u2019anno, agosto compreso, alla mensa Papa Francesco di Marghera.<\/p>\n<p>Solo che qui, rispetto a tutti gli altri mesi, in questo agosto verranno ospitati molti degli avventori abituali di Ca\u2019 Letizia, sfondando, dai 40 pasti, il tetto degli oltre 60. Senza dimenticare che alla Papa Francesco, in caso di malattia o presenza di minori con attestazione preventiva del servizio sociale, le cene sono anche da asporto. Per presentarsi a tavola, dalle 17 alle 18, \u00e8 necessario un tesserino di riconoscimento, che viene rilasciato dal centro d\u2019ascolto di Marghera, da rinnovare ogni 30 giorni.<\/p>\n<p>Tutti i giorni tranne la domenica, quando a sostituire il pasto ci pensa un cestino d\u2019alimenti. \u00abCi sar\u00e0 un incremento di presenze di sicuro, questo agosto, ma non di tutti quelli che vanno a Ca\u2019 Letizia durante l\u2019anno. Prevediamo una ventina di pasti in pi\u00f9\u00bb dice il responsabile del servizio Francesco Vendramin, che di bisognosi in cerca di cene calde ne ha visti crescere gi\u00e0, in questo suo primo anno di gestione: \u00abCon il correre dei mesi abbiamo avuto punte abbondanti sopra i 50 pasti al giorno, ma non so dire se sia un problema di aumento delle famiglie povere o di distribuzione dei bisognosi che cambia durante l\u2019anno\u00bb. Bisognosi che si dividono a met\u00e0 tra italiani e stranieri, ma non altrettanto tra uomini e donne: pi\u00f9 del novanta per cento di chi chiede un piatto alla mensa Papa Francesco \u00e8 uomo, con un\u2019et\u00e0 media che non supera i 40 anni. Quel pasto arriva direttamente dalla mensa diocesana di Zelarino. A Marghera si serve e, se necessario, si scalda. Un\u2019esperienza nuova, quella di Vendramin, segnata dalla \u00abperdita di speranza diffusa che ho visto negli occhi di queste persone. E in effetti il rientro nel mondo del lavoro per gli over 45 \u00e8 quasi impossibile, soprattutto perch\u00e9 il pi\u00f9 delle volte sono privi di specializzazioni. Ma riprendere in mano una vita \u00e8 ci\u00f2 su cui lavoriamo con loro\u00bb.<\/p>\n<figure id=\"attachment_7510\" class=\"wp-caption alignleft\" style=\"width: 510px\"><a href=\"https:\/\/www.genteveneta.it\/wp-content\/uploads\/2018\/07\/ca-letizia-due.jpg\" rel=\"mfp\" data-rel=\"lightbox-image-0\" data-rl_title=\"\" data-rl_caption=\"\" title=\"\"><img loading=\"lazy\" decoding=\"async\" class=\" wp-image-7510 lazy-loaded\" src=\"https:\/\/www.genteveneta.it\/wp-content\/uploads\/2018\/07\/ca-letizia-due-1024x576.jpg\" alt=\"\" width=\"510\" height=\"287\" \/><\/a><figcaption id=\"caption-attachment-7510\" class=\"wp-caption-text\">Volontarie della San Vincenzo mestrina servono la cena a Ca\u2019 Letizia<\/figcaption><\/figure>\n<p>A dare aiuto in questo c\u2019\u00e8 anche la Casa dell\u2019ospitalit\u00e0, che questo agosto precede la San Francesco con il pranzo, dal 30 luglio al 9 settembre, dalle 11.30 alle 12.30. Una gestione atipica, fornita da alcuni senza fissa dimora ospitati nella struttura. Ma anche cuochi, aiuto cuochi e camerieri, addetti alla sicurezza e alle pulizie. E che far\u00e0 fronte proprio alle chiusure delle mense sociali della citt\u00e0 in agosto. Sono previsti dai 100 ai 120 commensali al giorno, cibati dagli alimenti della Caritas veneziana.<\/p>\n<p>Il 9 settembre la staffetta del pranzo passa di nuovo ai padri cappuccini, tutti i giorni dalle 11 alle 11.30, non stop, domeniche incluse. 100 posti a sedere che si liberano a ruota grazie al servizio di self service, in grado di sfamare pi\u00f9 di 120 persone a pranzo (ma anche di pi\u00f9, fino a tre anni fa, quando di bisognosi affamati se ne presentavano in maggior quantit\u00e0). Qui il servizio \u00e8 libero, nessun documento \u00e8 chiesto all\u2019ingresso, passa tutto sotto la buona fede del bisognoso e l\u2019occhio allenato dei francescani minori. \u00c8 cos\u00ec dal 1945: pane, minestra e buon cuore. \u00abNon chiediamo niente, secondo il nostro stile francescano \u2013 dice fra Paolo, a capo del servizio mensa -, chi se ne approfitta se ne va da solo, perch\u00e9 si rende conto dopo due o tre volte che non \u00e8 una struttura adatta a s\u00e9. E un po\u2019 l\u2019occhio, poi, ce lo siamo fatto anche noi. Quindi capita che con cortesia facciamo capire che non \u00e8 il luogo giusto\u00bb. Anche qui la maggioranza \u00e8 uomo, sui 50 anni circa. I cuochi si alternano da tre a uno a seconda dei giorni. E accendono i fornelli gi\u00e0 dalle otto del mattino. 75 i volontari laici che li aiutano. Una squadra eroica anche nel sedare le tensioni, frequenti quando i disagiati che abusano di alcol non riescono a trattenersi: \u00abPurtroppo gli interventi delle forze dell\u2019ordine si fanno sentire solo quando ci sono risse gi\u00e0 in corso. Allora abbiamo imparato, per quanto possibile, a cavarcela da soli\u00bb.<\/p>\n<p>Scene alle quali anche Ca\u2019 Letizia ha fatto l\u2019abitudine. \u00c8 il risvolto della medaglia di chi si mette a servizio dei pi\u00f9 deboli, che alcune volte sono persi e disperati, tanto da diventare ingestibili con l\u2019aiuto dell\u2019alcol. Per fortuna che da un mese, qui, si respira pace e tranquillit\u00e0 con il ritorno del presidio serale dei vigili (mancava da molti mesi). Sar\u00e0 cos\u00ec fino al 5 agosto. Poi la pausa della mensa fino al 27. Durante la quale non mancher\u00e0 la distribuzione dei cestini di alimenti sostitutivi. Durante l\u2019anno a Ca\u2019 Letizia si fa anche colazione, dalle 7.45 alle 8.45. E poi si cena dalle 18.30 in poi. Con servizio docce la mattina del luned\u00ec e distribuzione vestiario il pomeriggio del venerd\u00ec. Il presidente della San Vincenzo Mestrina, a capo del servizio mensa Ca\u2019 Letizia, in cinque anni, qui, ha visto i cambiamenti pi\u00f9 significativi: in gran parte donne (soprattutto badanti) alla ricerca di un pasto caldo prima, in maggioranza uomini ora (il 70% del totale); una volta pi\u00f9 stranieri, adesso raggiunti dagli italiani. In una fascia d\u2019et\u00e0 tra 20 e 50 anni. Qui trovano 100 colazioni, 140 cene al d\u00ec e pi\u00f9 di 200 volontari pronti a servirli. Per la cena viene rilasciata una tessera (con durata temporanea), previo colloquio di conoscenza.<\/p>\n<p>Alla mensa Miani parrocchiale di Altobello, invece, occorre prenotarsi la sera prima per il pranzo del giorno dopo: i posti sono pochi e la richiesta \u00e8 tanta, tra le 40 e le 45 disponibilit\u00e0. Qui niente documenti richiesti, solo buona fede. Poco prima delle 11 si aprono le porte. Anche con questa si riparte a settembre.<\/p>\n<p style=\"text-align: right\">Articolo di G. B. su <a href=\"https:\/\/www.genteveneta.it\/diocesi\/mestre-e-venezia-mense-per-i-poveri-in-vacanza-ma-i-pasti-no-ecco-come-ci-si-organizza\/\">genteveneta.it<\/a><\/p>\n","protected":false},"excerpt":{"rendered":"<p>Anche le mense vanno in vacanza. E i poveri in citt\u00e0 bussano alla porta altrove. Basta seguire il profumo di buono che dai camini di via Querini e via Cappuccina serpeggia in via Santa Maria dei Battuti, fino alla margherina via Mameli. Sono le abitudini solidali che, nel cuore dell\u2019estate, cambiano itinerario. Le fatiche invernali [&hellip;]<\/p>\n","protected":false},"author":0,"featured_media":160,"comment_status":"open","ping_status":"open","sticky":false,"template":"","format":"standard","meta":{"_acf_changed":false,"ip_address":"","user_agent":"","level":"","revision":"","cookie_id":"","page_referer":"","html_form":"","footnotes":""},"categories":[2],"tags":[],"class_list":["post-159","post","type-post","status-publish","format-standard","has-post-thumbnail","hentry","category-notizie"],"acf":[],"_links":{"self":[{"href":"https:\/\/www.patriarcatovenezia.it\/caritas\/wp-json\/wp\/v2\/posts\/159"}],"collection":[{"href":"https:\/\/www.patriarcatovenezia.it\/caritas\/wp-json\/wp\/v2\/posts"}],"about":[{"href":"https:\/\/www.patriarcatovenezia.it\/caritas\/wp-json\/wp\/v2\/types\/post"}],"author":[{"embeddable":true,"href":"https:\/\/www.patriarcatovenezia.it\/caritas\/wp-json\/wp\/v2\/users\/10"}],"replies":[{"embeddable":true,"href":"https:\/\/www.patriarcatovenezia.it\/caritas\/wp-json\/wp\/v2\/comments?post=159"}],"version-history":[{"count":1,"href":"https:\/\/www.patriarcatovenezia.it\/caritas\/wp-json\/wp\/v2\/posts\/159\/revisions"}],"predecessor-version":[{"id":161,"href":"https:\/\/www.patriarcatovenezia.it\/caritas\/wp-json\/wp\/v2\/posts\/159\/revisions\/161"}],"wp:featuredmedia":[{"embeddable":true,"href":"https:\/\/www.patriarcatovenezia.it\/caritas\/wp-json\/wp\/v2\/media\/160"}],"wp:attachment":[{"href":"https:\/\/www.patriarcatovenezia.it\/caritas\/wp-json\/wp\/v2\/media?parent=159"}],"wp:term":[{"taxonomy":"category","embeddable":true,"href":"https:\/\/www.patriarcatovenezia.it\/caritas\/wp-json\/wp\/v2\/categories?post=159"},{"taxonomy":"post_tag","embeddable":true,"href":"https:\/\/www.patriarcatovenezia.it\/caritas\/wp-json\/wp\/v2\/tags?post=159"}],"curies":[{"name":"wp","href":"https:\/\/api.w.org\/{rel}","templated":true}]}}