{"id":156,"date":"2019-06-02T08:43:53","date_gmt":"2019-06-02T06:43:53","guid":{"rendered":"https:\/\/venezia.webdiocesi.it\/caritas\/?p=156"},"modified":"2019-08-06T08:46:58","modified_gmt":"2019-08-06T06:46:58","slug":"nascera-alle-muneghette-la-nuova-casa-della-carita-della-chiesa-di-venezia","status":"publish","type":"post","link":"https:\/\/www.patriarcatovenezia.it\/caritas\/2019\/06\/02\/nascera-alle-muneghette-la-nuova-casa-della-carita-della-chiesa-di-venezia\/","title":{"rendered":"Nascer\u00e0 alle Muneghette la nuova casa della carit\u00e0 della Chiesa di Venezia"},"content":{"rendered":"<p>Nasce un centro che si fa in quattro per chi ha bisogno. \u00c8 una importante novit\u00e0 per la carit\u00e0 a Venezia. Alle Muneghette, nel sestiere di Castello, a breve diverr\u00e0 operativo un nuovo centro della Caritas diocesana, che svolger\u00e0 quattro funzioni.<\/p>\n<p>La prima sar\u00e0 quella di refezione, cio\u00e8 di dare un pasto ai poveri e a chi \u00e8 in difficolt\u00e0. Il progetto prevede che il servizio sia fornito senza lusso ma con molta dignit\u00e0: saranno allestite delle sale da pranzo e l\u2019obiettivo \u00e8 di fare sentire gli ospiti a casa propria, con lo stesso stile aperto di accoglienza di tutte le mense della carit\u00e0 e con la marcia in pi\u00f9 di arredi nuovi e confortevoli.<\/p>\n<p>La seconda funzione sar\u00e0 quella dell\u2019accoglienza temporanea e d\u2019emergenza di donne. La Chiesa di Venezia, nella citt\u00e0 d\u2019acqua, ha una lunga storia di attenzione alle donne in difficolt\u00e0 nel trovare un tetto.<\/p>\n<p>Da molti anni uno spazio di accoglienza con questo scopo \u00e8 stato realizzato a Betania, a Cannaregio. Adesso, alle Muneghette \u2013 l\u2019immobile \u00e8 di propriet\u00e0 dell\u2019Ire, che lo affida alal Diocesi, in comodato gratuito, per un lungo periodo \u2013 verr\u00e0 riproposto il servizio, anche in questo caso dopo aver organizzato e arredato adeguatamente gli spazi.<br \/>\nLa terza articolazione del nuovo centro riguarder\u00e0 ancora l\u2019accoglienza, ma si concentrer\u00e0 su singoli e famiglie. Verranno organizzati dei minialloggi \u2013 in genere dei bilocali, con camera da letto, cucina-soggiorno e servizi \u2013 che verranno offerti come abitazione per un tempo limitato, all\u2019incirca tra i sei mesi e l\u2019anno. Una risposta abitativa dignitosa per chi si trovasse in difficolt\u00e0 oggettiva e temporanea dal punto di vista abitativo.<\/p>\n<p>Infine ci sar\u00e0 una quarta funzione, del tutto innovativa. Uno spazio servir\u00e0 come foresteria per gruppi, soprattutto parrocchiali, che vorranno fare esperienza di servizio e di formazione a Venezia.<\/p>\n<p>Capita, infatti, che qualche gruppo giovanile desideri trascorrere qualche giorno a Venezia, magari per un camposcuola che abbini spiritualit\u00e0, formazione e presa di conoscenza della citt\u00e0. Una struttura ricettiva con questo scopo finora non c\u2019era. Dai prossimi mesi, invece, alle Muneghette, nell\u2019ex ospizio a San Martino di Castello, sar\u00e0 possibile soggiornare e fare esperienza di servizio nella struttura Caritas.<\/p>\n<p>L\u2019apertura alle Muneghette assorbir\u00e0 una storica e benemerita realt\u00e0 della carit\u00e0 veneziana: la mensa Betania. La mensa, nell\u2019isola dei Servi di Maria a Cannaregio, su fondamenta della Misericordia, era stata desiderata e sostenuta dal Patriarca Marco e per pi\u00f9 di trent\u2019anni ha significato l\u2019approdo sicuro per migliaia di persone fragili e in difficolt\u00e0.<\/p>\n<p>I volontari che si sono alternati in servizio in questi decenni sono stati l\u2019asse portante e la ricchezza del servizio. La Caritas diocesana aveva preso in considerazione la possibilit\u00e0 di intervenire sulla struttura di Betania per adeguarla e realizzare una corposa manutenzione. Ma le difficolt\u00e0 legate agli spazi e i costi di un intervento cos\u00ec cospicuo hanno fatto propendere per una soluzione diversa e una differente collocazione. Nella convinzione \u2013 sottolinea la Caritas \u2013 che il patrimonio di generosit\u00e0 cristiana offerto a Betania abbia continuit\u00e0 e si sviluppi.<\/p>\n<p>&nbsp;<\/p>\n<p style=\"text-align: right\">Articolo di G.M. su <a href=\"https:\/\/www.genteveneta.it\/diocesi\/venezia-nascera-alle-muneghette-la-nuova-casa-della-carita-della-chiesa-di-venezia-quattro-frunzioni-una-innovativa\/\">genteveneta.it<\/a><\/p>\n","protected":false},"excerpt":{"rendered":"<p>Nasce un centro che si fa in quattro per chi ha bisogno. \u00c8 una importante novit\u00e0 per la carit\u00e0 a Venezia. Alle Muneghette, nel sestiere di Castello, a breve diverr\u00e0 operativo un nuovo centro della Caritas diocesana, che svolger\u00e0 quattro funzioni. La prima sar\u00e0 quella di refezione, cio\u00e8 di dare un pasto ai poveri e [&hellip;]<\/p>\n","protected":false},"author":0,"featured_media":157,"comment_status":"open","ping_status":"open","sticky":false,"template":"","format":"standard","meta":{"_acf_changed":false,"ip_address":"","user_agent":"","level":"","revision":"","cookie_id":"","page_referer":"","html_form":"","footnotes":""},"categories":[2],"tags":[],"class_list":["post-156","post","type-post","status-publish","format-standard","has-post-thumbnail","hentry","category-notizie"],"acf":[],"_links":{"self":[{"href":"https:\/\/www.patriarcatovenezia.it\/caritas\/wp-json\/wp\/v2\/posts\/156"}],"collection":[{"href":"https:\/\/www.patriarcatovenezia.it\/caritas\/wp-json\/wp\/v2\/posts"}],"about":[{"href":"https:\/\/www.patriarcatovenezia.it\/caritas\/wp-json\/wp\/v2\/types\/post"}],"author":[{"embeddable":true,"href":"https:\/\/www.patriarcatovenezia.it\/caritas\/wp-json\/wp\/v2\/users\/10"}],"replies":[{"embeddable":true,"href":"https:\/\/www.patriarcatovenezia.it\/caritas\/wp-json\/wp\/v2\/comments?post=156"}],"version-history":[{"count":1,"href":"https:\/\/www.patriarcatovenezia.it\/caritas\/wp-json\/wp\/v2\/posts\/156\/revisions"}],"predecessor-version":[{"id":158,"href":"https:\/\/www.patriarcatovenezia.it\/caritas\/wp-json\/wp\/v2\/posts\/156\/revisions\/158"}],"wp:featuredmedia":[{"embeddable":true,"href":"https:\/\/www.patriarcatovenezia.it\/caritas\/wp-json\/wp\/v2\/media\/157"}],"wp:attachment":[{"href":"https:\/\/www.patriarcatovenezia.it\/caritas\/wp-json\/wp\/v2\/media?parent=156"}],"wp:term":[{"taxonomy":"category","embeddable":true,"href":"https:\/\/www.patriarcatovenezia.it\/caritas\/wp-json\/wp\/v2\/categories?post=156"},{"taxonomy":"post_tag","embeddable":true,"href":"https:\/\/www.patriarcatovenezia.it\/caritas\/wp-json\/wp\/v2\/tags?post=156"}],"curies":[{"name":"wp","href":"https:\/\/api.w.org\/{rel}","templated":true}]}}