{"id":137,"date":"2019-08-05T14:42:36","date_gmt":"2019-08-05T12:42:36","guid":{"rendered":"https:\/\/venezia.webdiocesi.it\/caritas\/?p=137"},"modified":"2019-08-05T15:01:45","modified_gmt":"2019-08-05T13:01:45","slug":"dossier-caritas-su-poveri-e-agenda-2030","status":"publish","type":"post","link":"https:\/\/www.patriarcatovenezia.it\/caritas\/2019\/08\/05\/dossier-caritas-su-poveri-e-agenda-2030\/","title":{"rendered":"Dossier Caritas su poveri e Agenda 2030"},"content":{"rendered":"<p>Quattro anni dopo l\u2019approvazione dell\u2019<strong>Agenda 2030<\/strong>\u00a0da parte dei Paesi dell\u2019Onu, \u00e8 tempo di bilanci. \u00c8 infatti in corso a New York (dal 9 al 18 luglio) la consueta analisi annuale nell\u2019High level political forum (Hlpf) e il 24 e 25 settembre l\u2019Assemblea generale dell\u2019Onu far\u00e0 il punto sui meccanismi di attuazione dell\u2019Agenda 2030. Il dossier\u00a0<a href=\"http:\/\/www.caritasitaliana.it\/materiali\/Mondo\/ddt49_vertici2019.pdf\" target=\"_blank\" rel=\"noopener\"><strong>&#8220;Vertici internazionali: servono veramente ai poveri?&#8221;<\/strong><\/a>\u00a0(.pdf)\u00a0 pubblicato oggi, Caritas Italiana fa il punto sulla situazione. Una visione dell&#8217;uomo realmente integrale ed evangelica va ovviamente al di l\u00e0 delle prospettive adottate nel quadro delle Nazioni Unite. Ma l&#8217;Agenda 2030 per lo sviluppo sostenibile rappresenta una importante convergenza della comunit\u00e0 internazionale, da incoraggiare e da sostenere.<\/p>\n<p>\u00c8 necessario affrontare con decisione i problemi di un pianeta dove la lotta alla povert\u00e0 non progredisce certo alla velocit\u00e0 sperata, e dove la comunit\u00e0 globale non sembra aver ancora pienamente preso in conto la grande sfida del cambiamento climatico. L&#8217;<strong>Agenda 2030 e gli Obiettivi per lo Sviluppo Sostenibile<\/strong>\u00a0affermano la necessit\u00e0 di una prospettiva unica e indivisibile per tutti i paesi del pianeta, dove gli obiettivi economici, sociali ed ambientali siano sempre perseguiti in modo sinergico, e dove &#8216;nessuno sia lasciato indietro&#8217;. Tuttavia \u00e8 sempre pi\u00f9 evidente che non c&#8217;\u00e8 ancora da parte della comunit\u00e0 internazionale una iniziativa realmente decisa e convincente. Non basta individuare un singolo obiettivo o un target per contribuire a un mondo pi\u00f9 sostenibile, occorre uno sguardo complessivo.<\/p>\n<p><strong>Come rendere l&#8217;Agenda 2030 per lo sviluppo sostenibile una opportunit\u00e0 per migliorare le condizioni di vita dei pi\u00f9 poveri?<\/strong>\u00a0Occorre affermare sempre il primato dei diritti umani, ed analizzare in profondit\u00e0 gli effetti delle politiche pubbliche che si manifestano sul piano locale e globale. Molti esempi, da quello relativo alla produzione di armi, alle politiche migratorie, a quelle legate alla produzione di cibo, segnalano tensioni e contraddizioni tra obiettivi, targets, principi, livelli di impatto delle politiche e rappresentano altrettanti casi in cui la necessit\u00e0 di difendere i diritti pone di fronte a scelte coerenti.<\/p>\n<p>Ma se si vuole operare efficacemente, \u00e8 necessario costruire un sistema in cui si interviene a monte, nella fase di costruzione delle politiche. Il dialogo \u00e8 fondamentale, e deve essere costruito in modo efficace.<br \/>\nL&#8217;impegno sulla &#8216;tutela dei diritti&#8217; non \u00e8 facile, e spesso non produce risultati osservabili nell&#8217;immediato. \u00c8 per\u00f2 fondamentale che le diverse realt\u00e0 della societ\u00e0 civile trovino il modo per lavorare insieme, nell&#8217;affrontare e trasformare i meccanismi strutturali che causano la povert\u00e0 e gli squilibri che ci sono nel mondo.<\/p>\n<p>Proprio per questo un gruppo di Caritas di diversi paesi, tra cui anche Caritas Italiana, ha elaborato il documento\u00a0<a href=\"http:\/\/www.caritasitaliana.it\/materiali\/Pubblicazioni\/editoria_online\/Documento_Impegnarsi_con_Agenda_2030.pdf\" target=\"_blank\" rel=\"noopener\">\u201cImpegnarsi nell\u2019Agenda 2030 nella prospettiva della Laudato si\u2019\u201d<\/a>\u00a0(.pdf) dove i temi dell\u2019Agenda 2030 sono ripresi alla luce della Laudato si\u2019 e della dottrina sociale della Chiesa, mettendo in evidenza i punti su cui \u00e8 possibile costruire una convergenza. Con questo documento e con il Dossier pubblicato oggi vogliamo rivolgere\u00a0<strong>un appello ai governi impegnati nel vertice di New York, perch\u00e9 affrontino una situazione preoccupante, e assumano decisioni in grado di servire veramente alla causa dei poveri e della giustizia globale<\/strong>.<\/p>\n<p>Questo DDT si aggiunge ai 48 gi\u00e0 pubblicati da Caritas Italiana a partire dal 2015,\u00a0<a href=\"http:\/\/www.caritasitaliana.it\/home_page\/area_stampa\/00005919_Dossier_con_dati_e_testimonianze.html\">tutti disponibili on-line<\/a>.<\/p>\n<p>&nbsp;<\/p>\n<ul>\n<li><strong><a href=\"http:\/\/www.caritas.it\/materiali\/Mondo\/ddt49_vertici2019.pdf\" target=\"_blank\" rel=\"noopener\">Dossier completo<\/a>\u00a0(.pdf)<\/strong><\/li>\n<li><strong><a href=\"http:\/\/s2ew.caritasitaliana.it\/materiali\/comunicati\/luglio_2019\/CS_22_17-07-2019.pdf\" target=\"_blank\" rel=\"noopener\">Comunicato stampa<\/a>\u00a0(.pdf)<\/strong><\/li>\n<li><strong><a href=\"http:\/\/www.caritas.it\/materiali\/Pubblicazioni\/editoria_online\/Documento_Impegnarsi_con_Agenda_2030.pdf\" target=\"_blank\" rel=\"noopener\">Documento\u00a0\u201cImpegnarsi nell\u2019Agenda 2030 nella prospettiva della Laudato si\u2019\u201d<\/a>\u00a0(.pdf)<\/strong><\/li>\n<li><strong><a href=\"http:\/\/www.caritas.it\/home_page\/area_stampa\/00005919_Dossier_con_dati_e_testimonianze.html\" target=\"_blank\" rel=\"noopener\">Dossier precedenti<\/a><\/strong><\/li>\n<\/ul>\n<p>&nbsp;<\/p>\n<p style=\"text-align: right\">[fonte: <a href=\"http:\/\/www.caritasitaliana.it\/pls\/caritasitaliana\/V3_S2EW_CONSULTAZIONE.mostra_pagina?id_pagina=8332&amp;rifi=guest&amp;rifp=guest\">www.caritasitaliana.it<\/a>]<\/p>\n","protected":false},"excerpt":{"rendered":"<p>Quattro anni dopo l\u2019approvazione dell\u2019Agenda 2030\u00a0da parte dei Paesi dell\u2019Onu, \u00e8 tempo di bilanci. \u00c8 infatti in corso a New York (dal 9 al 18 luglio) la consueta analisi annuale nell\u2019High level political forum (Hlpf) e il 24 e 25 settembre l\u2019Assemblea generale dell\u2019Onu far\u00e0 il punto sui meccanismi di attuazione dell\u2019Agenda 2030. Il dossier\u00a0&#8220;Vertici [&hellip;]<\/p>\n","protected":false},"author":0,"featured_media":152,"comment_status":"open","ping_status":"open","sticky":false,"template":"","format":"standard","meta":{"_acf_changed":false,"ip_address":"","user_agent":"","level":"","revision":"","cookie_id":"","page_referer":"","html_form":"","footnotes":""},"categories":[1,2],"tags":[],"class_list":["post-137","post","type-post","status-publish","format-standard","has-post-thumbnail","hentry","category-caritas-italiana","category-notizie"],"acf":[],"_links":{"self":[{"href":"https:\/\/www.patriarcatovenezia.it\/caritas\/wp-json\/wp\/v2\/posts\/137"}],"collection":[{"href":"https:\/\/www.patriarcatovenezia.it\/caritas\/wp-json\/wp\/v2\/posts"}],"about":[{"href":"https:\/\/www.patriarcatovenezia.it\/caritas\/wp-json\/wp\/v2\/types\/post"}],"author":[{"embeddable":true,"href":"https:\/\/www.patriarcatovenezia.it\/caritas\/wp-json\/wp\/v2\/users\/10"}],"replies":[{"embeddable":true,"href":"https:\/\/www.patriarcatovenezia.it\/caritas\/wp-json\/wp\/v2\/comments?post=137"}],"version-history":[{"count":2,"href":"https:\/\/www.patriarcatovenezia.it\/caritas\/wp-json\/wp\/v2\/posts\/137\/revisions"}],"predecessor-version":[{"id":153,"href":"https:\/\/www.patriarcatovenezia.it\/caritas\/wp-json\/wp\/v2\/posts\/137\/revisions\/153"}],"wp:featuredmedia":[{"embeddable":true,"href":"https:\/\/www.patriarcatovenezia.it\/caritas\/wp-json\/wp\/v2\/media\/152"}],"wp:attachment":[{"href":"https:\/\/www.patriarcatovenezia.it\/caritas\/wp-json\/wp\/v2\/media?parent=137"}],"wp:term":[{"taxonomy":"category","embeddable":true,"href":"https:\/\/www.patriarcatovenezia.it\/caritas\/wp-json\/wp\/v2\/categories?post=137"},{"taxonomy":"post_tag","embeddable":true,"href":"https:\/\/www.patriarcatovenezia.it\/caritas\/wp-json\/wp\/v2\/tags?post=137"}],"curies":[{"name":"wp","href":"https:\/\/api.w.org\/{rel}","templated":true}]}}