{"id":1281,"date":"2024-01-11T11:32:20","date_gmt":"2024-01-11T10:32:20","guid":{"rendered":"https:\/\/venezia.webdiocesi.it\/caritas\/?p=1281"},"modified":"2025-03-24T09:55:39","modified_gmt":"2025-03-24T08:55:39","slug":"giustizia-riparativa-a-scuola-un-percorso-educativo-per-gli-studenti-del-liceo-stefanini-di-venezia","status":"publish","type":"post","link":"https:\/\/www.patriarcatovenezia.it\/caritas\/2024\/01\/11\/giustizia-riparativa-a-scuola-un-percorso-educativo-per-gli-studenti-del-liceo-stefanini-di-venezia\/","title":{"rendered":"GIUSTIZIA RIPARATIVA A SCUOLA: UN PERCORSO EDUCATIVO PER GLI STUDENTI DEL LICEO STEFANINI DI VENEZIA"},"content":{"rendered":"<h4><strong><em>Caritas Veneziana e Fondazione Esodo Onlus avviano le attivit\u00e0 formative a partire da marzo 2024<\/em><\/strong><\/h4>\n<p><strong>Caritas Veneziana<\/strong> in collaborazione con <strong>Fondazione Esodo Onlus<\/strong>, ha deciso di offrire per l\u2019anno scolastico 2023\/2024 una proposta formativa sulle pratiche di Giustizia Riparativa dal titolo \u201c<strong>Costruzione di una societ\u00e0 di cura delle relazioni umane: introduzione alla Restorative Justice<\/strong>\u201d, rivolta agli studenti del liceo Luigi Stefanini di Venezia. Esodo Onlus \u00e8 una fondazione che si propone di assistere e promuovere le persone che si trovano ad affrontare problematiche di vario genere con la giustizia, fuori e dentro il carcere, favorendo l\u2019inclusione sociale e creando possibilit\u00e0 di inserimento lavorativo.<\/p>\n<p>Si \u00e8 scelto di partire proprio dai giovani per sensibilizzare su questo tema tanto delicato quanto fondamentale per i principi Caritas. \u00c8 infatti dalle nuove generazioni che pu\u00f2 scaturire un cambiamento positivo nella societ\u00e0. Alla base della giustizia riparativa vi \u00e8 la convinzione punire il colpevole non sia sufficiente per riparare completamente il danno subito dalla vittima. <strong>Le pratiche riparative puntano a ristabilire l&#8217;equilibrio attraverso la risoluzione dei conflitti<\/strong>, sostenendo una societ\u00e0 basata sulla partecipazione e sulla reciproca fiducia, <strong>ponendo al centro la relazione e il dialogo<\/strong>. Coltivare le relazioni significa fornire un terreno fertile per la comprensione reciproca, il rispetto e la costruzione di comunit\u00e0 pi\u00f9 solidali. Questa necessit\u00e0 si \u00e8 accentuata, soprattutto dopo l&#8217;isolamento sociale causato dalla pandemia, che ha colpito i giovani in modo particolare.<\/p>\n<p>Gli incontri che si terranno da marzo a giugno 2024 hanno come scopo quello di coinvolgere e sensibilizzare sulla <strong>giustizia riparativa<\/strong>, che pu\u00f2 essere definita come \u00abla scienza di aggiustare (<em>restoring<\/em>) e sviluppare il capitale sociale, la disciplina sociale, il benessere emotivo e il coinvolgimento civile attraverso l&#8217;apprendimento partecipato e i processi decisionali\u00bb (Wachtel, 2005, p. 86). Essa interviene quindi sul tessuto delle relazioni, stimolando la consapevolezza delle azioni dannose compiute, offrendo l&#8217;opportunit\u00e0 di riparazione, lavorando per una riconciliazione effettiva tra le parti coinvolte.<\/p>\n<p>Questa proposta didattica si integra coerentemente nel contesto dell&#8217;insegnamento dell&#8217;<strong>Educazione Civica, <\/strong>creando ponti con il terzo settore e promuovendo il volontariato. I principi della Giustizia Riparativa sono congruenti con gli obiettivi stabiliti dalla legge 92\/2019, che ha introdotto l&#8217;Educazione Civica, mirando, ad esempio, a potenziare la capacit\u00e0 degli studenti di svolgere un ruolo attivo come cittadini responsabili, partecipando in modo consapevole e completo alla vita civica, culturale e sociale della comunit\u00e0. Inoltre, si propone di favorire la comprensione della Costituzione al fine di accrescere competenze improntate alla responsabilit\u00e0, legalit\u00e0, partecipazione e solidariet\u00e0.<\/p>\n<p>Le attivit\u00e0 formative prevedranno un incontro preliminare dedicato agli insegnanti e genitori sui temi della giustizia riparativa, proseguendo poi con incontri per gli studenti sui temi: \u201cCome si pu\u00f2 agire in modo riparativo a scuola e <strong>vivere in modo riparativo le relazioni con gli altri<\/strong>\u201d; \u201cImparare l&#8217;ascolto attivo\u201d; \u201cEsprimere la propria idea di relazioni giuste a scuola e fuori dalla scuola\u201d; \u201cArt. 27 della Costituzione, il sistema penale ed il paradigma della Giustizia Riparativa a confronto\u201d. La metodologia utilizzata per il percorso sar\u00e0 quella del <strong><em>Circle<\/em><\/strong>. Gli incontri si concluderanno con un\u2019uscita didattica dove i ragazzi vivranno una giornata di scambio di esperienze con alcune persone autori di reato e\/o vittime di reato.<\/p>\n","protected":false},"excerpt":{"rendered":"<p>Caritas Veneziana e Fondazione Esodo Onlus avviano le attivit\u00e0 formative a partire da marzo 2024 Caritas Veneziana in collaborazione con Fondazione Esodo Onlus, ha deciso di offrire per l\u2019anno scolastico 2023\/2024 una proposta formativa sulle pratiche di Giustizia Riparativa dal titolo \u201cCostruzione di una societ\u00e0 di cura delle relazioni umane: introduzione alla Restorative Justice\u201d, rivolta [&hellip;]<\/p>\n","protected":false},"author":0,"featured_media":1286,"comment_status":"closed","ping_status":"closed","sticky":false,"template":"","format":"standard","meta":{"_acf_changed":false,"ip_address":"","user_agent":"","level":"","revision":"","cookie_id":"","page_referer":"","html_form":"","footnotes":""},"categories":[65,9,10,2],"tags":[189,188],"class_list":["post-1281","post","type-post","status-publish","format-standard","has-post-thumbnail","hentry","category-caritas-diocesana","category-formazione","category-iniziative","category-notizie","tag-caritasveneziana","tag-giustiziariparativa"],"acf":[],"_links":{"self":[{"href":"https:\/\/www.patriarcatovenezia.it\/caritas\/wp-json\/wp\/v2\/posts\/1281"}],"collection":[{"href":"https:\/\/www.patriarcatovenezia.it\/caritas\/wp-json\/wp\/v2\/posts"}],"about":[{"href":"https:\/\/www.patriarcatovenezia.it\/caritas\/wp-json\/wp\/v2\/types\/post"}],"author":[{"embeddable":true,"href":"https:\/\/www.patriarcatovenezia.it\/caritas\/wp-json\/wp\/v2\/users\/33"}],"replies":[{"embeddable":true,"href":"https:\/\/www.patriarcatovenezia.it\/caritas\/wp-json\/wp\/v2\/comments?post=1281"}],"version-history":[{"count":8,"href":"https:\/\/www.patriarcatovenezia.it\/caritas\/wp-json\/wp\/v2\/posts\/1281\/revisions"}],"predecessor-version":[{"id":1307,"href":"https:\/\/www.patriarcatovenezia.it\/caritas\/wp-json\/wp\/v2\/posts\/1281\/revisions\/1307"}],"wp:featuredmedia":[{"embeddable":true,"href":"https:\/\/www.patriarcatovenezia.it\/caritas\/wp-json\/wp\/v2\/media\/1286"}],"wp:attachment":[{"href":"https:\/\/www.patriarcatovenezia.it\/caritas\/wp-json\/wp\/v2\/media?parent=1281"}],"wp:term":[{"taxonomy":"category","embeddable":true,"href":"https:\/\/www.patriarcatovenezia.it\/caritas\/wp-json\/wp\/v2\/categories?post=1281"},{"taxonomy":"post_tag","embeddable":true,"href":"https:\/\/www.patriarcatovenezia.it\/caritas\/wp-json\/wp\/v2\/tags?post=1281"}],"curies":[{"name":"wp","href":"https:\/\/api.w.org\/{rel}","templated":true}]}}