{"id":1229,"date":"2023-05-23T17:10:25","date_gmt":"2023-05-23T15:10:25","guid":{"rendered":"https:\/\/venezia.webdiocesi.it\/caritas\/?p=1229"},"modified":"2023-05-23T17:10:25","modified_gmt":"2023-05-23T15:10:25","slug":"venezia-francesca-e-la-casa-tra-le-calli","status":"publish","type":"post","link":"https:\/\/www.patriarcatovenezia.it\/caritas\/2023\/05\/23\/venezia-francesca-e-la-casa-tra-le-calli\/","title":{"rendered":"Venezia: Francesca e la Casa tra le calli"},"content":{"rendered":"<hr \/>\n<p>C\u2019\u00e8 una citt\u00e0 italiana, unica al mondo. Tra le vie del centro di questa citt\u00e0 c\u2019\u00e8 una casa di accoglienza. E poi c\u2019\u00e8 Francesca, che vive in citt\u00e0 e opera in quella casa. L\u2019ha vista crescere negli anni, Francesca, declinare sempre pi\u00f9 i tanti aspetti della carit\u00e0 della Chiesa locale, diventare un punto di riferimento per chi vive delle difficolt\u00e0 e per chi semplicemente abita nei paraggi e ama sapere che a fare ancora pi\u00f9 bella la propria citt\u00e0 ci sia un luogo di accoglienza e solidariet\u00e0. La citt\u00e0 \u00e8 Venezia, la struttura \u00e8 Casa San Giuseppe e Francesca Palma \u00e8 un\u2019operatrice della Caritas.<\/p>\n<p><a href=\"https:\/\/www.italiacaritas.it\/blog\/rubrica\/venezia-francesca-e-la-casa-tra-le-calli\/\">Continua a leggere&#8230;<\/a><\/p>\n","protected":false},"excerpt":{"rendered":"<p>C\u2019\u00e8 una citt\u00e0 italiana, unica al mondo. Tra le vie del centro di questa citt\u00e0 c\u2019\u00e8 una casa di accoglienza. E poi c\u2019\u00e8 Francesca, che vive in citt\u00e0 e opera in quella casa. L\u2019ha vista crescere negli anni, Francesca, declinare sempre pi\u00f9 i tanti aspetti della carit\u00e0 della Chiesa locale, diventare un punto di riferimento [&hellip;]<\/p>\n","protected":false},"author":0,"featured_media":1230,"comment_status":"closed","ping_status":"open","sticky":false,"template":"","format":"standard","meta":{"_acf_changed":false,"ip_address":"","user_agent":"","level":"","revision":"","cookie_id":"","page_referer":"","html_form":"","footnotes":""},"categories":[65,2],"tags":[20,185,19],"class_list":["post-1229","post","type-post","status-publish","format-standard","has-post-thumbnail","hentry","category-caritas-diocesana","category-notizie","tag-caritas","tag-operatori","tag-venezia"],"acf":[],"_links":{"self":[{"href":"https:\/\/www.patriarcatovenezia.it\/caritas\/wp-json\/wp\/v2\/posts\/1229"}],"collection":[{"href":"https:\/\/www.patriarcatovenezia.it\/caritas\/wp-json\/wp\/v2\/posts"}],"about":[{"href":"https:\/\/www.patriarcatovenezia.it\/caritas\/wp-json\/wp\/v2\/types\/post"}],"author":[{"embeddable":true,"href":"https:\/\/www.patriarcatovenezia.it\/caritas\/wp-json\/wp\/v2\/users\/27"}],"replies":[{"embeddable":true,"href":"https:\/\/www.patriarcatovenezia.it\/caritas\/wp-json\/wp\/v2\/comments?post=1229"}],"version-history":[{"count":1,"href":"https:\/\/www.patriarcatovenezia.it\/caritas\/wp-json\/wp\/v2\/posts\/1229\/revisions"}],"predecessor-version":[{"id":1231,"href":"https:\/\/www.patriarcatovenezia.it\/caritas\/wp-json\/wp\/v2\/posts\/1229\/revisions\/1231"}],"wp:featuredmedia":[{"embeddable":true,"href":"https:\/\/www.patriarcatovenezia.it\/caritas\/wp-json\/wp\/v2\/media\/1230"}],"wp:attachment":[{"href":"https:\/\/www.patriarcatovenezia.it\/caritas\/wp-json\/wp\/v2\/media?parent=1229"}],"wp:term":[{"taxonomy":"category","embeddable":true,"href":"https:\/\/www.patriarcatovenezia.it\/caritas\/wp-json\/wp\/v2\/categories?post=1229"},{"taxonomy":"post_tag","embeddable":true,"href":"https:\/\/www.patriarcatovenezia.it\/caritas\/wp-json\/wp\/v2\/tags?post=1229"}],"curies":[{"name":"wp","href":"https:\/\/api.w.org\/{rel}","templated":true}]}}