{"id":1201,"date":"2023-04-05T10:39:57","date_gmt":"2023-04-05T08:39:57","guid":{"rendered":"https:\/\/venezia.webdiocesi.it\/caritas\/?p=1201"},"modified":"2023-04-24T11:35:30","modified_gmt":"2023-04-24T09:35:30","slug":"esplora-con-caritas-2","status":"publish","type":"post","link":"https:\/\/www.patriarcatovenezia.it\/caritas\/2023\/04\/05\/esplora-con-caritas-2\/","title":{"rendered":"Esplora con Caritas"},"content":{"rendered":"<hr \/>\n<p>Scopri nuove realt\u00e0 sociali e vivile di persona grazie alle nostre esperienze estive. Quest&#8217;anno ti offriamo la possibilit\u00e0 di scegliere tra due destinazioni:<\/p>\n<p><strong>Sarajevo<\/strong><span class=\"p\">, una citt\u00e0 in cui potrai scoprire le risorse comunitarie di una realt\u00e0 in continua rinascita, e\u00a0<\/span><strong>Palermo<\/strong><span class=\"p\">, dove potrai conoscere ed animare l&#8217;estate dei bambini del quartiere Zen e incontrare la parte della societ\u00e0 civile che lotta contro la criminalit\u00e0 organizzata.<\/span><\/p>\n<p>Se non hai ancora raggiunto i 30 anni, sei\u00a0<b>aperto alle diverse culture<\/b>, hai\u00a0<b>capacit\u00e0 di adattamento\u00a0<\/b>e vuoi\u00a0<b>metterti alla prova<\/b>, questa \u00e8 l&#8217;esperienza perfetta per te.<\/p>\n<h2>Chi siamo<\/h2>\n<p><strong>Caritas Veneziana<\/strong>\u00a0<span class=\"p\">\u00e8 l\u2019organismo pastorale che si occupa per la Diocesi di organizzare e coordinare le opere di carit\u00e0 in favore degli ultimi.<\/span><\/p>\n<p>Con il progetto\u00a0<b>Esplora con Caritas<\/b>, vogliamo offrire un\u00a0<b>approfondimento esperienziale\u00a0<\/b>di alcune problematiche sociali che caratterizzano la nostra societ\u00e0 con un respiro sia nazionale che internazionale e nel farlo desideriamo\u00a0<b>coinvolgere le nuove generazioni\u00a0<\/b>come parte attiva del cambiamento sociale, rendendole consapevoli delle loro potenzialit\u00e0 e dell&#8217;imprescindibilit\u00e0 del loro contributo alla costruzione solidaristica della societ\u00e0.<\/p>\n<p>L\u2019intento di Caritas \u00e8 quello di\u00a0<b>condividere esperienze e riflessioni\u00a0<\/b>in un grande scambio di idee, per\u00a0<b>creare comunit\u00e0 solidali\u00a0<\/b>e profondamente attente ai bisogni della complessit\u00e0 contemporanea.<\/p>\n<h2>Perch\u00e8 partecipare:<\/h2>\n<ul id=\"l2\">\n<li><u>Cogliere l\u2019occasione per acquisire nuovi sguardi sul lontano e sul vicino<\/u>:\u00a0<i>Esplora con Caritas\u00a0<\/i>ti porta alla scoperta di realt\u00e0 sociali che sebbene lontane sono intimamente legate alla nostra Storia.<\/li>\n<li>\n<p class=\"s2\">Impegnare il proprio tempo fuori dall\u2019ordinario:<span class=\"p\">\u00a0Partecipa a un&#8217;esperienza estiva diversa dalle solite, chi dona \u00e8 colui che pi\u00f9 riceve! Animando e aiutando le persone che ti circondano ti porterai a casa un bagaglio di emozioni e di ricordi indimenticabili.<\/span><\/p>\n<\/li>\n<li><u>Diventa parte attiva del cambiamento sociale:<\/u>\u00a0Il progetto\u00a0<i>Esplora con Caritas\u00a0<\/i>vuole fare di te un vero e proprio attore del cambiamento sociale, coinvolgendoti nellapromozione di una societ\u00e0 pi\u00f9 giusta ed equa.<\/li>\n<li>\n<p class=\"s2\">Sviluppa competenze e abilit\u00e0:<span class=\"p\">\u00a0Avrai l&#8217;opportunit\u00e0 di mettere in pratica le tue abilit\u00e0 e di sviluppare nuove competenze attraverso lavori di teamwork con i tuoi compagni di viaggio.<\/span><\/p>\n<\/li>\n<li><u>Conosci nuove persone e nuove culture:<\/u>\u00a0Partecipando a\u00a0<i>Esplora con Caritas<\/i>, avrai l&#8217;opportunit\u00e0 di conoscere persone e culture diverse dalla tua, arricchendoti di nuove prospettive e di nuovi punti di vista.<\/li>\n<\/ul>\n<h2>DESCRIZIONE DELLE METE:<\/h2>\n<h3>SARAJEVO<\/h3>\n<p><strong>24 &#8211; 30 giugno 2023<\/strong><\/p>\n<p><strong>Referente Caritas Italiana<\/strong>:\u00a0<span class=\"p\">Daniele Bombardi<\/span><\/p>\n<p><strong>Referenti Caritas Venezia<\/strong>:\u00a0<span class=\"p\">Francesca Palma, Denis Baldan, Don Gilberto Sabbadin<\/span><\/p>\n<p><strong>Alloggio<\/strong>:\u00a0<span class=\"p\">Centro Giovanile Diocesano Lingua Inglese<\/span><\/p>\n<p><strong>Sarajevo<\/strong><span class=\"p\">, citt\u00e0 della\u00a0<\/span><strong>Bosnia-Erzegovina<\/strong><span class=\"p\">, dove i segni delle passate guerre che l&#8217;hanno resa scenario di crimini odiosi sono ancora impressi visivamente nelle mura dei palazzi e nella memoria dei suoi cittadini.<\/span><\/p>\n<p>L\u2019essere stati vittime di genocidi di massa \u00e8 un dolore indelebile. A ci\u00f2 si aggiunge il fenomeno migratorio che notoriamente interessa la rotta balcanica. Nonostante ci\u00f2, la citt\u00e0 si sta lentamente rigenerando grazie alle innumerevoli risorse comunitarie e ai progetti di ricostruzione.<\/p>\n<p class=\"s5\"><em><strong>Esplora con Caritas\u00a0<\/strong><\/em><span class=\"p\">vuole portare i partecipanti a conoscere le realt\u00e0 del cooperativismo, a incontrare le persone che stanno lavorando per la rinascita della citt\u00e0 e a vivere un&#8217;esperienza comunitaria di servizio.<\/span><\/p>\n<p><strong>Il viaggio:<\/strong>\u00a0<span class=\"p\">Le giornate saranno organizzate in parte presso i campi profughi gestiti dall\u2019OIM dove Caritas Italiana ha dei social corner utili all\u2019organizzazione di attivit\u00e0 di socializzazione, ed in parte alla scoperta del mondo della cooperazione sociale che lavora in termini di economia solidale e di inclusione sociale. Saranno organizzati momenti di riflessione e restituzione sui temi trattati e sperimentati.<\/span><\/p>\n<h3>PALERMO<\/h3>\n<p><strong>23 &#8211; 29 Luglio 2023<\/strong><\/p>\n<p><strong>Referente sul luogo<\/strong>:\u00a0<span class=\"p\">Suor Anna Martini<\/span><\/p>\n<p><strong>Referenti Caritas Venezia<\/strong>:\u00a0<span class=\"p\">Direttore Caritas Stefano Enzo, Annachiara Girotto, Martina Libert\u00e0,<\/span><\/p>\n<p><strong>Alloggio<\/strong>:\u00a0<span class=\"p\">Casa delle Suore della Carit\u00e0<\/span><\/p>\n<p><strong>Palermo\u00a0<\/strong><span class=\"p\">\u00e8 una citt\u00e0 ricca di storia, cultura e tradizioni, ma purtroppo anche afflitta dal noto problema sociale della\u00a0<\/span><strong>criminalit\u00e0 organizzata<\/strong>\u00a0<span class=\"p\">che condiziona lo sviluppo del territorio.<\/span><\/p>\n<p>Tuttavia, ci sono anche molti cittadini che lottano ogni giorno per un cambiamento positivo e un futuro migliore per la loro comunit\u00e0.<\/p>\n<p>Grazie al progetto\u00a0<i><b>Esplora con Caritas<\/b><\/i><i>,\u00a0<\/i>avrai l&#8217;opportunit\u00e0 di scoprire questa parte della societ\u00e0 civile e potrai avere occasione di dare un contributo significativo all\u2019estate spesso vuota e arida dei bambini che vivono nel quartiere San Filippo Neri, meglio conosciuto come\u00a0<b>quartiere Zen<\/b>.<\/p>\n<p><strong>Il viaggio:\u00a0<\/strong><span class=\"p\">Le mattine saranno dedicate alla conoscenza dell\u2019associazionismo attivo in tema di lotta all&#8217;omert\u00e0, alla criminalit\u00e0 e al pizzo. Si visiter\u00e0 la casa di Peppino Impastato, il bunker dove lavoravano Falcone e Borsellino. Il pomeriggio sar\u00e0 dedicato al servizio organizzato dai carismi di ciascuno in favore degli abitanti piccoli, piccolissimi e giovani del quartiere.<\/span><\/p>\n<p>Ricordiamo che i viaggi sono a totale carico di Caritas Veneziana<br \/>\n(biglietti, pranzi, cene, colazione e alloggio\u00a0<b>sono gratuiti\u00a0<\/b>per i partecipanti).<\/p>\n<h2>COME PARTECIPARE:<\/h2>\n<p>Per partecipare al progetto\u00a0<i>Esplora con Caritas<\/i>, \u00e8 possibile candidarsi attraverso la<br \/>\n<strong>compilazione di un Google Form<span class=\"p\">.<\/span><\/strong><\/p>\n<p>Sar\u00e0 necessario fornire alcuni dati personali e motivare la propria partecipazione, descrivendo le proprie aspettative e le competenze che si intendono mettere a disposizione.<\/p>\n<p>Essendo i costi dei viaggi totalmente a carico di Caritas, I posti a disposizione sono limitati. (9 posti per Sarajevo &#8211; 9 posti per Palermo).<\/p>\n<p><strong>La selezione dei partecipanti<\/strong><span class=\"p\">, che avverr\u00e0 solo nel momento in cui gli iscritti supereranno il numero dei posti a disposizione, si baser\u00e0 sulle<strong>\u00a0<\/strong><\/span><strong>motivazioni espresse<\/strong><span class=\"p\">, sulle\u00a0<\/span><strong>caratteristiche e competenze dei candidati<\/strong>\u00a0<span class=\"p\">e sulla\u00a0<\/span><strong>viva partecipazione agli eventi<\/strong>\u00a0<span class=\"p\">preparatori prima della partenza.<\/span><\/p>\n<p>In seguito alla creazione dei gruppi, i partecipanti riceveranno l\u2019itinerario dettagliato di viaggio.<\/p>\n<p><strong>SCADENZA CANDIDATURA: 26\/04\/2023<\/strong><\/p>\n<p>&nbsp;<\/p>\n<h4><a href=\"https:\/\/docs.google.com\/forms\/d\/e\/1FAIpQLSdU3NDfuiCPicJ40q4pHS4uMBFoQmcyZ6igxRIBNH11rTwP0A\/viewform?vc=0&amp;c=0&amp;w=1&amp;flr=0\" target=\"_blank\" rel=\"noopener\">CANDIDATI<\/a>!<\/h4>\n<p>&nbsp;<\/p>\n<h3>Per maggiori informazioni:<\/h3>\n<p><a href=\"mailto:segreteria.caritas@patriarcatovenezia.it\" target=\"_blank\" rel=\"noopener\">Mail:\u00a0<\/a><a href=\"mailto:segreteria.caritas@patriarcatovenezia.it\" target=\"_blank\" rel=\"noopener\">segreteria.caritas@patriarcatovenezia.it<\/a><\/p>\n<p><strong>Tel\/Whatsapp: 334-1032714<\/strong><\/p>\n<p><strong>Prossimo evento: 26 aprile \u2013 Appuntamento con Ottavia Piccolo<\/strong><\/p>\n<h4><a href=\"https:\/\/www.eventbrite.it\/e\/608393048987\">Prenotati qui<\/a><\/h4>\n","protected":false},"excerpt":{"rendered":"<p>Scopri nuove realt\u00e0 sociali e vivile di persona grazie alle nostre esperienze estive. Quest&#8217;anno ti offriamo la possibilit\u00e0 di scegliere tra due destinazioni: Sarajevo, una citt\u00e0 in cui potrai scoprire le risorse comunitarie di una realt\u00e0 in continua rinascita, e\u00a0Palermo, dove potrai conoscere ed animare l&#8217;estate dei bambini del quartiere Zen e incontrare la parte [&hellip;]<\/p>\n","protected":false},"author":0,"featured_media":1202,"comment_status":"closed","ping_status":"open","sticky":false,"template":"","format":"standard","meta":{"_acf_changed":false,"ip_address":"","user_agent":"","level":"","revision":"","cookie_id":"","page_referer":"","html_form":"","footnotes":""},"categories":[65,10,2],"tags":[20,172,177],"class_list":["post-1201","post","type-post","status-publish","format-standard","has-post-thumbnail","hentry","category-caritas-diocesana","category-iniziative","category-notizie","tag-caritas","tag-proposte","tag-servizio"],"acf":[],"_links":{"self":[{"href":"https:\/\/www.patriarcatovenezia.it\/caritas\/wp-json\/wp\/v2\/posts\/1201"}],"collection":[{"href":"https:\/\/www.patriarcatovenezia.it\/caritas\/wp-json\/wp\/v2\/posts"}],"about":[{"href":"https:\/\/www.patriarcatovenezia.it\/caritas\/wp-json\/wp\/v2\/types\/post"}],"author":[{"embeddable":true,"href":"https:\/\/www.patriarcatovenezia.it\/caritas\/wp-json\/wp\/v2\/users\/27"}],"replies":[{"embeddable":true,"href":"https:\/\/www.patriarcatovenezia.it\/caritas\/wp-json\/wp\/v2\/comments?post=1201"}],"version-history":[{"count":7,"href":"https:\/\/www.patriarcatovenezia.it\/caritas\/wp-json\/wp\/v2\/posts\/1201\/revisions"}],"predecessor-version":[{"id":1213,"href":"https:\/\/www.patriarcatovenezia.it\/caritas\/wp-json\/wp\/v2\/posts\/1201\/revisions\/1213"}],"wp:featuredmedia":[{"embeddable":true,"href":"https:\/\/www.patriarcatovenezia.it\/caritas\/wp-json\/wp\/v2\/media\/1202"}],"wp:attachment":[{"href":"https:\/\/www.patriarcatovenezia.it\/caritas\/wp-json\/wp\/v2\/media?parent=1201"}],"wp:term":[{"taxonomy":"category","embeddable":true,"href":"https:\/\/www.patriarcatovenezia.it\/caritas\/wp-json\/wp\/v2\/categories?post=1201"},{"taxonomy":"post_tag","embeddable":true,"href":"https:\/\/www.patriarcatovenezia.it\/caritas\/wp-json\/wp\/v2\/tags?post=1201"}],"curies":[{"name":"wp","href":"https:\/\/api.w.org\/{rel}","templated":true}]}}