{"id":1178,"date":"2023-03-09T15:07:43","date_gmt":"2023-03-09T14:07:43","guid":{"rendered":"https:\/\/venezia.webdiocesi.it\/caritas\/?p=1178"},"modified":"2023-03-09T15:08:51","modified_gmt":"2023-03-09T14:08:51","slug":"con-me-una-settimana-tra-i-bimbi-dello-zen-vuoi","status":"publish","type":"post","link":"https:\/\/www.patriarcatovenezia.it\/caritas\/2023\/03\/09\/con-me-una-settimana-tra-i-bimbi-dello-zen-vuoi\/","title":{"rendered":"&#8220;Con me una settimana tra i bimbi dello Zen: vuoi?&#8221;"},"content":{"rendered":"<hr \/>\n<h2>&#8220;Con me una settimana tra i bimbi dello Zen: vuoi?&#8221;<\/h2>\n<p>La proposta ai giovani veneziani, tramite la Caritas, di suor Anna Martini: &#8220;Sette giorni a Palermo per far emergere il bello nelle difficolt\u00e0&#8221;. Oppure: una settimana a Sarajevo, a sostenere le attivit\u00e0 curate da Daniele Bombardi, che coordina la carit\u00e0 in Bosnia.<\/p>\n<p><img loading=\"lazy\" decoding=\"async\" class=\"alignnone wp-image-1179 size-full\" src=\"https:\/\/venezia.webdiocesi.it\/caritas\/wp-content\/uploads\/sites\/14\/2023\/03\/03_09.png\" alt=\"\" width=\"2255\" height=\"2033\" srcset=\"https:\/\/www.patriarcatovenezia.it\/caritas\/wp-content\/uploads\/sites\/14\/2023\/03\/03_09.png 2255w, https:\/\/www.patriarcatovenezia.it\/caritas\/wp-content\/uploads\/sites\/14\/2023\/03\/03_09-300x270.png 300w, https:\/\/www.patriarcatovenezia.it\/caritas\/wp-content\/uploads\/sites\/14\/2023\/03\/03_09-768x692.png 768w, https:\/\/www.patriarcatovenezia.it\/caritas\/wp-content\/uploads\/sites\/14\/2023\/03\/03_09-1024x923.png 1024w, https:\/\/www.patriarcatovenezia.it\/caritas\/wp-content\/uploads\/sites\/14\/2023\/03\/03_09-311x280.png 311w, https:\/\/www.patriarcatovenezia.it\/caritas\/wp-content\/uploads\/sites\/14\/2023\/03\/03_09-852x768.png 852w, https:\/\/www.patriarcatovenezia.it\/caritas\/wp-content\/uploads\/sites\/14\/2023\/03\/03_09-1320x1190.png 1320w\" sizes=\"(max-width: 2255px) 100vw, 2255px\" \/><\/p>\n","protected":false},"excerpt":{"rendered":"<p>&#8220;Con me una settimana tra i bimbi dello Zen: vuoi?&#8221; La proposta ai giovani veneziani, tramite la Caritas, di suor Anna Martini: &#8220;Sette giorni a Palermo per far emergere il bello nelle difficolt\u00e0&#8221;. Oppure: una settimana a Sarajevo, a sostenere le attivit\u00e0 curate da Daniele Bombardi, che coordina la carit\u00e0 in Bosnia.<\/p>\n","protected":false},"author":0,"featured_media":1180,"comment_status":"closed","ping_status":"open","sticky":false,"template":"","format":"standard","meta":{"_acf_changed":false,"ip_address":"","user_agent":"","level":"","revision":"","cookie_id":"","page_referer":"","html_form":"","footnotes":""},"categories":[65,2],"tags":[20,178,179,17],"class_list":["post-1178","post","type-post","status-publish","format-standard","has-post-thumbnail","hentry","category-caritas-diocesana","category-notizie","tag-caritas","tag-palermo","tag-sarajevo","tag-solidarieta"],"acf":[],"_links":{"self":[{"href":"https:\/\/www.patriarcatovenezia.it\/caritas\/wp-json\/wp\/v2\/posts\/1178"}],"collection":[{"href":"https:\/\/www.patriarcatovenezia.it\/caritas\/wp-json\/wp\/v2\/posts"}],"about":[{"href":"https:\/\/www.patriarcatovenezia.it\/caritas\/wp-json\/wp\/v2\/types\/post"}],"author":[{"embeddable":true,"href":"https:\/\/www.patriarcatovenezia.it\/caritas\/wp-json\/wp\/v2\/users\/27"}],"replies":[{"embeddable":true,"href":"https:\/\/www.patriarcatovenezia.it\/caritas\/wp-json\/wp\/v2\/comments?post=1178"}],"version-history":[{"count":2,"href":"https:\/\/www.patriarcatovenezia.it\/caritas\/wp-json\/wp\/v2\/posts\/1178\/revisions"}],"predecessor-version":[{"id":1182,"href":"https:\/\/www.patriarcatovenezia.it\/caritas\/wp-json\/wp\/v2\/posts\/1178\/revisions\/1182"}],"wp:featuredmedia":[{"embeddable":true,"href":"https:\/\/www.patriarcatovenezia.it\/caritas\/wp-json\/wp\/v2\/media\/1180"}],"wp:attachment":[{"href":"https:\/\/www.patriarcatovenezia.it\/caritas\/wp-json\/wp\/v2\/media?parent=1178"}],"wp:term":[{"taxonomy":"category","embeddable":true,"href":"https:\/\/www.patriarcatovenezia.it\/caritas\/wp-json\/wp\/v2\/categories?post=1178"},{"taxonomy":"post_tag","embeddable":true,"href":"https:\/\/www.patriarcatovenezia.it\/caritas\/wp-json\/wp\/v2\/tags?post=1178"}],"curies":[{"name":"wp","href":"https:\/\/api.w.org\/{rel}","templated":true}]}}