{"id":1172,"date":"2023-03-07T09:28:14","date_gmt":"2023-03-07T08:28:14","guid":{"rendered":"https:\/\/venezia.webdiocesi.it\/caritas\/?p=1172"},"modified":"2023-03-07T09:31:38","modified_gmt":"2023-03-07T08:31:38","slug":"esplora-con-caritas-evento-17-marzo","status":"publish","type":"post","link":"https:\/\/www.patriarcatovenezia.it\/caritas\/2023\/03\/07\/esplora-con-caritas-evento-17-marzo\/","title":{"rendered":"Esplora con Caritas | Evento 17 marzo"},"content":{"rendered":"<hr \/>\n<p>Ciao!\ud83d\udc4b<\/p>\n<p>Vuoi esplorare nuove realt\u00e0?<br \/>\nVieni al nostro evento in cui presenteremo il progetto<br \/>\n&#8220;Esplora con Caritas&#8221; estate 2023:<\/p>\n<p>Esperienze estive gratuite di 7 giorni dove potrai esplorare nuove realt\u00e0 italiane ed estere.<\/p>\n<p>\ud83d\uddd3 Venerd\u00ec 17 marzo<br \/>\n\u23f0 ore 18.00<br \/>\n\ud83d\udccdScuola dei Laneri<br \/>\nSalizarda San Pantalon 131\/A, Venezia<br \/>\n\u26a0\ufe0f NECESSARIA PRENOTAZIONE<\/p>\n<p>Saranno presenti:<\/p>\n<p>Daniele Bombardi, Rappresentante di Caritas italiana in Bosnia e in Turchia<\/p>\n<p>Suor Anna Martini, che fa servizio nel quartiere Zen di Palermo.<\/p>\n<p>Ore 18:00: Aperitivo di benvenuto<br \/>\nOre 18:30: Testimonianza, dibattito e presentazione esperienze estive.<\/p>\n<h5><a href=\"https:\/\/docs.google.com\/forms\/d\/e\/1FAIpQLSdo0yIoj5o4Old2aG9Nx8Q-pAQErWn7tXbKZ6vYvvX3ACP_Pw\/viewform\"><strong>PRENOTATI<\/strong><\/a><\/h5>\n<hr \/>\n<h3>CHE COS&#8217;\u00c8 ESPLORA CON CARITAS?<\/h3>\n<p>\u00c8 un&#8217;esperienza di servizio gratuita di 7 giorni organizzata da Caritas veneziana, dove potrai scegliere tra due destinazioni:<br \/>\n\ud83d\udccdSARAJEVO<br \/>\nCon le sue innumerevoli risorse comunitarie e le problematicit\u00e0 di una citt\u00e0 che rinasce ma non dimentica!<br \/>\n\ud83d\udccdPALERMO<br \/>\nUna citt\u00e0 dove puoi scoprire la parte della societ\u00e0 civile che lotta controlla criminalit\u00e0 organizzata, conoscere ed animare l&#8217;estate dei bambini del quartiere Zen<br \/>\nImmergiti in un mondo che ti far\u00e0 sentire vivo\/a, coinvolto\/a e parte attiva del cambiamento.<\/p>\n<h4>&#8220;Alzati e va&#8230;&#8221;, sii coraggioso e mettiti alla prova&#8230; Esplora con Caritas!<\/h4>\n","protected":false},"excerpt":{"rendered":"<p>Ciao!\ud83d\udc4b Vuoi esplorare nuove realt\u00e0? Vieni al nostro evento in cui presenteremo il progetto &#8220;Esplora con Caritas&#8221; estate 2023: Esperienze estive gratuite di 7 giorni dove potrai esplorare nuove realt\u00e0 italiane ed estere. \ud83d\uddd3 Venerd\u00ec 17 marzo \u23f0 ore 18.00 \ud83d\udccdScuola dei Laneri Salizarda San Pantalon 131\/A, Venezia \u26a0\ufe0f NECESSARIA PRENOTAZIONE Saranno presenti: Daniele Bombardi, [&hellip;]<\/p>\n","protected":false},"author":0,"featured_media":1155,"comment_status":"closed","ping_status":"open","sticky":false,"template":"","format":"standard","meta":{"_acf_changed":false,"ip_address":"","user_agent":"","level":"","revision":"","cookie_id":"","page_referer":"","html_form":"","footnotes":""},"categories":[65,2,11],"tags":[20,172,177],"class_list":["post-1172","post","type-post","status-publish","format-standard","has-post-thumbnail","hentry","category-caritas-diocesana","category-notizie","category-progetti","tag-caritas","tag-proposte","tag-servizio"],"acf":[],"_links":{"self":[{"href":"https:\/\/www.patriarcatovenezia.it\/caritas\/wp-json\/wp\/v2\/posts\/1172"}],"collection":[{"href":"https:\/\/www.patriarcatovenezia.it\/caritas\/wp-json\/wp\/v2\/posts"}],"about":[{"href":"https:\/\/www.patriarcatovenezia.it\/caritas\/wp-json\/wp\/v2\/types\/post"}],"author":[{"embeddable":true,"href":"https:\/\/www.patriarcatovenezia.it\/caritas\/wp-json\/wp\/v2\/users\/27"}],"replies":[{"embeddable":true,"href":"https:\/\/www.patriarcatovenezia.it\/caritas\/wp-json\/wp\/v2\/comments?post=1172"}],"version-history":[{"count":5,"href":"https:\/\/www.patriarcatovenezia.it\/caritas\/wp-json\/wp\/v2\/posts\/1172\/revisions"}],"predecessor-version":[{"id":1177,"href":"https:\/\/www.patriarcatovenezia.it\/caritas\/wp-json\/wp\/v2\/posts\/1172\/revisions\/1177"}],"wp:featuredmedia":[{"embeddable":true,"href":"https:\/\/www.patriarcatovenezia.it\/caritas\/wp-json\/wp\/v2\/media\/1155"}],"wp:attachment":[{"href":"https:\/\/www.patriarcatovenezia.it\/caritas\/wp-json\/wp\/v2\/media?parent=1172"}],"wp:term":[{"taxonomy":"category","embeddable":true,"href":"https:\/\/www.patriarcatovenezia.it\/caritas\/wp-json\/wp\/v2\/categories?post=1172"},{"taxonomy":"post_tag","embeddable":true,"href":"https:\/\/www.patriarcatovenezia.it\/caritas\/wp-json\/wp\/v2\/tags?post=1172"}],"curies":[{"name":"wp","href":"https:\/\/api.w.org\/{rel}","templated":true}]}}