{"id":1145,"date":"2023-02-21T10:23:52","date_gmt":"2023-02-21T09:23:52","guid":{"rendered":"https:\/\/venezia.webdiocesi.it\/caritas\/?p=1145"},"modified":"2023-02-21T10:25:32","modified_gmt":"2023-02-21T09:25:32","slug":"quaresima-2023-strumenti-di-animazione","status":"publish","type":"post","link":"https:\/\/www.patriarcatovenezia.it\/caritas\/2023\/02\/21\/quaresima-2023-strumenti-di-animazione\/","title":{"rendered":"Quaresima 2023 &#8211; Strumenti di animazione"},"content":{"rendered":"<hr \/>\n<p>Carissime\/i,<\/p>\n<p>con il Mercoled\u00ec delle Ceneri inizia la Quaresima, segnata quest\u2019anno da diverse emergenze che ci vedono impegnati su pi\u00f9 fronti.<\/p>\n<p>In questo tempo liturgico il Signore ci chiede di proseguire nel nostro impegno ordinario e straordinario, ma anche di lasciarci condurre da Lui \u201csu un alto monte\u201d. Due sono i sentieri che papa Francesco ci propone nel\u00a0<strong>Messaggio per la Quaresima \u201cAscesi quaresimale, itinerario sinodale\u201d\u00a0<\/strong>(<a href=\"https:\/\/bit.ly\/3IcNiZS\" target=\"_blank\" rel=\"noopener noreferrer\">https:\/\/bit.ly\/3IcNiZS<\/a>). Il primo \u00e8 quello dell\u2019ascolto, l\u2019ascolto di Cristo che \u201cpassa anche attraverso l\u2019ascolto dei fratelli e delle sorelle\u201d,\u00a0 il secondo \u00e8 l\u2019esortazione di Ges\u00f9 \u00abAlzatevi e non temete\u00bb, cio\u00e8 l\u2019invito a guardare alla Sua luce come anticipo della gloria pasquale, per essere nelle comunit\u00e0 \u201cartigiani di sinodalit\u00e0\u201d, senza \u201cpaura di affrontare la realt\u00e0 con le sue fatiche quotidiane, le sue durezze e le sue contraddizioni\u201d.<\/p>\n<p>Una prima drammatica realt\u00e0 che stiamo affrontando riguarda il terremoto che ha colpito Turchia e Siria. Come sapete\u00a0la CEI ha indetto per il 26 marzo, V Domenica di Quaresima, una Colletta Nazionale a favore delle\u00a0<strong>popolazioni terremotate in Turchia e Siria<\/strong>. Per noi non \u00e8 solo un\u2019occasione per raccogliere offerte (che sono necessarie per accompagnare concretamente le persone colpite e come forma di partecipazione), ma soprattutto un\u2019opportunit\u00e0 di animazione delle comunit\u00e0 locali, di riflessione, preghiera e conversione.<\/p>\n<p>Per questo vi verr\u00e0 proposto all\u2019inizio di ogni settimana uno\u00a0<u>strumento che contiene spunti di riflessione<\/u>, per l\u2019animazione comunitaria e per le nostre liturgie. Spunti che ci accompagneranno al momento della Colletta e fino alla Pasqua.\u00a0\u00a0La prima proposta \u00e8 allegata a questa mail.<\/p>\n<p>Anche l\u2019Ufficio Liturgico nazionale ha predisposto per ogni domenica di Quaresima un\u2019<u>intenzione di preghiera<\/u>\u00a0(per la messa o per la liturgia delle ore) che sar\u00e0 messa a disposizione tra gli strumenti pubblicati sul sito dell\u2019Ufficio stesso.<\/p>\n<p>Una seconda emergenza sulla quale siamo impegnati \u00e8 quella della\u00a0<strong>crisi ucraina<\/strong>. Come gi\u00e0 comunicato venerd\u00ec scorso, a un anno dall\u2019invasione dell\u2019Ucraina \u00a0abbiamo prodotto delle schede informative e invitato all\u2019adesione a iniziative di preghiera comune, come la liturgia di riconciliazione che venerd\u00ec 24 febbraio sar\u00e0 celebrata ad Assisi, nella basilica di S. Maria degli Angeli, e la celebrazione dell\u2019Eucaristia promossa dalla Cei su tutto il territorio nazionale\u00a0<u>venerd\u00ec 10 marzo<\/u>, in adesione alla proposta del Consiglio delle Conferenze Episcopali d\u2019Europa<\/p>\n<p>La guerra in Ucraina e il terremoto non devono per\u00f2 farci dimenticare le tante altre situazioni di conflitto, sofferenza, fame, iniquit\u00e0, in primis la situazione dei nostri\u00a0<strong>fratelli e sorelle africani<\/strong>.<\/p>\n<p>Abbiamo lanciato a gennaio la campagna \u201c<strong>Africa. Fame di giustizia\u201d\u00a0<\/strong>con l\u2019obiettivo di far crescere l\u2019attenzione su quanto sta accadendo in quel continente. Una campagna per un impegno concreto in aiuto alle popolazioni pi\u00f9 in difficolt\u00e0, ma anche per una denuncia delle iniquit\u00e0 strutturali, delle cause e delle interconnessioni che ci rendono tutti responsabili di tutti, affinch\u00e9 non sia dato per carit\u00e0 ci\u00f2 che \u00e8 dovuto per giustizia. \u00a0Anche questa attenzione \u00e8 parte del cammino che lungo la Quaresima porta alla Pasqua. Il\u00a0<u>sussidio predisposto dall\u2019Ufficio Liturgico<\/u>\u00a0nazionale contiene\u00a0<u>tre capitoli\/schede<\/u>\u00a0(una per la Quaresima, una per la Settimana Santa, una per il tempo di Pasqua) in cui sono ripresi di temi di questa campagna, mettendo l\u2019accento sulle parole: consapevolezza, condivisione, cambiamento. La prima scheda si trova alle pagine 21-25 del sussidio che \u00e8 scaricabile al link:\u00a0<a href=\"https:\/\/bit.ly\/3IceCrm\" target=\"_blank\" rel=\"noopener noreferrer\">https:\/\/bit.ly\/3IceCrm<\/a>.<\/p>\n<p>Tutti questi strumenti sono messi a disposizione nell\u2019area riservata del sito di Caritas Italiana (<a href=\"https:\/\/areariservata.caritas.it\/\" target=\"_blank\" rel=\"noopener noreferrer\">https:\/\/areariservata.caritas.it<\/a>), alla voce \u201cStrumenti di animazione\u201d.<\/p>\n<p>&nbsp;<\/p>\n<p>Un caro saluto e buon cammino quaresimale.<\/p>\n<p>Don Marco<\/p>\n<p>&nbsp;<\/p>\n<p><strong>LINK:<\/strong><\/p>\n<p><strong><a href=\"https:\/\/venezia.webdiocesi.it\/caritas\/wp-content\/uploads\/sites\/14\/2023\/02\/2023-Quaresima-Verso-la-Colletta-Nazionale.pdf\">2023 &#8211; Quaresima &#8211; Verso la Colletta Nazionale<\/a><\/strong><\/p>\n<p><strong><a href=\"https:\/\/venezia.webdiocesi.it\/caritas\/wp-content\/uploads\/sites\/14\/2023\/02\/2023-Quaresima-Prima-settimana.pdf\">2023 &#8211; Quaresima &#8211; Prima settimana<\/a><\/strong><\/p>\n","protected":false},"excerpt":{"rendered":"<p>Carissime\/i, con il Mercoled\u00ec delle Ceneri inizia la Quaresima, segnata quest\u2019anno da diverse emergenze che ci vedono impegnati su pi\u00f9 fronti. In questo tempo liturgico il Signore ci chiede di proseguire nel nostro impegno ordinario e straordinario, ma anche di lasciarci condurre da Lui \u201csu un alto monte\u201d. Due sono i sentieri che papa Francesco [&hellip;]<\/p>\n","protected":false},"author":0,"featured_media":1146,"comment_status":"closed","ping_status":"open","sticky":false,"template":"","format":"standard","meta":{"_acf_changed":false,"ip_address":"","user_agent":"","level":"","revision":"","cookie_id":"","page_referer":"","html_form":"","footnotes":""},"categories":[65,1,2],"tags":[20,172,5],"class_list":["post-1145","post","type-post","status-publish","format-standard","has-post-thumbnail","hentry","category-caritas-diocesana","category-caritas-italiana","category-notizie","tag-caritas","tag-proposte","tag-quaresima"],"acf":[],"_links":{"self":[{"href":"https:\/\/www.patriarcatovenezia.it\/caritas\/wp-json\/wp\/v2\/posts\/1145"}],"collection":[{"href":"https:\/\/www.patriarcatovenezia.it\/caritas\/wp-json\/wp\/v2\/posts"}],"about":[{"href":"https:\/\/www.patriarcatovenezia.it\/caritas\/wp-json\/wp\/v2\/types\/post"}],"author":[{"embeddable":true,"href":"https:\/\/www.patriarcatovenezia.it\/caritas\/wp-json\/wp\/v2\/users\/27"}],"replies":[{"embeddable":true,"href":"https:\/\/www.patriarcatovenezia.it\/caritas\/wp-json\/wp\/v2\/comments?post=1145"}],"version-history":[{"count":4,"href":"https:\/\/www.patriarcatovenezia.it\/caritas\/wp-json\/wp\/v2\/posts\/1145\/revisions"}],"predecessor-version":[{"id":1152,"href":"https:\/\/www.patriarcatovenezia.it\/caritas\/wp-json\/wp\/v2\/posts\/1145\/revisions\/1152"}],"wp:featuredmedia":[{"embeddable":true,"href":"https:\/\/www.patriarcatovenezia.it\/caritas\/wp-json\/wp\/v2\/media\/1146"}],"wp:attachment":[{"href":"https:\/\/www.patriarcatovenezia.it\/caritas\/wp-json\/wp\/v2\/media?parent=1145"}],"wp:term":[{"taxonomy":"category","embeddable":true,"href":"https:\/\/www.patriarcatovenezia.it\/caritas\/wp-json\/wp\/v2\/categories?post=1145"},{"taxonomy":"post_tag","embeddable":true,"href":"https:\/\/www.patriarcatovenezia.it\/caritas\/wp-json\/wp\/v2\/tags?post=1145"}],"curies":[{"name":"wp","href":"https:\/\/api.w.org\/{rel}","templated":true}]}}