{"id":1100,"date":"2023-02-01T09:53:41","date_gmt":"2023-02-01T08:53:41","guid":{"rendered":"https:\/\/venezia.webdiocesi.it\/caritas\/?p=1100"},"modified":"2023-02-01T09:54:12","modified_gmt":"2023-02-01T08:54:12","slug":"inizia-il-viaggio-di-papa-francesco-in-africa","status":"publish","type":"post","link":"https:\/\/www.patriarcatovenezia.it\/caritas\/2023\/02\/01\/inizia-il-viaggio-di-papa-francesco-in-africa\/","title":{"rendered":"Inizia il viaggio di Papa Francesco in Africa"},"content":{"rendered":"<hr \/>\n<div dir=\"auto\"><span class=\"x3nfvp2 x1j61x8r x1fcty0u xdj266r xhhsvwb xat24cr xgzva0m xxymvpz xlup9mm x1kky2od\"><img loading=\"lazy\" decoding=\"async\" src=\"https:\/\/static.xx.fbcdn.net\/images\/emoji.php\/v9\/t3f\/1\/16\/1f30d.png\" alt=\"\ud83c\udf0d\" width=\"16\" height=\"16\" \/><\/span><span class=\"x3nfvp2 x1j61x8r x1fcty0u xdj266r xhhsvwb xat24cr xgzva0m xxymvpz xlup9mm x1kky2od\"><img loading=\"lazy\" decoding=\"async\" src=\"https:\/\/static.xx.fbcdn.net\/images\/emoji.php\/v9\/tb6\/1\/16\/2708.png\" alt=\"\u2708\ufe0f\" width=\"16\" height=\"16\" \/><\/span> Il \ud835\udfef\ud835\udfed \ud835\uddf4\ud835\uddf2\ud835\uddfb\ud835\uddfb\ud835\uddee\ud835\uddf6\ud835\uddfc inizia il \ud835\ude03\ud835\uddf6\ud835\uddee\ud835\uddf4\ud835\uddf4\ud835\uddf6\ud835\uddfc \ud835\uddf1\ud835\uddf6 \ud835\uddfd\ud835\uddee\ud835\uddfd\ud835\uddee \ud835\uddd9\ud835\uddff\ud835\uddee\ud835\uddfb\ud835\uddf0\ud835\uddf2\ud835\ude00\ud835\uddf0\ud835\uddfc \ud835\uddf6\ud835\uddfb \ud835\uddd4\ud835\uddf3\ud835\uddff\ud835\uddf6\ud835\uddf0\ud835\uddee.<\/div>\n<div dir=\"auto\">Un viaggio all\u2019insegna della <a class=\"x1i10hfl xjbqb8w x6umtig x1b1mbwd xaqea5y xav7gou x9f619 x1ypdohk xt0psk2 xe8uvvx xdj266r x11i5rnm xat24cr x1mh8g0r xexx8yu x4uap5 x18d9i69 xkhd6sd x16tdsg8 x1hl2dhg xggy1nq x1a2a7pz xt0b8zv x1qq9wsj xo1l8bm\" role=\"link\" href=\"https:\/\/www.facebook.com\/hashtag\/pace?__eep__=6&amp;__cft__[0]=AZXkWtGt7HpcZAhMYkn81E4uG_E-geM576sxTNQ3tbDqm0Ncoiv2s21lGCEa1pEOmnQmY3m2JvZl_F1xLk5fkfL7GgtvlZ6z-87qfJEJNdbIHm37qk8d-0I7BMHZlxsX0-LpRNoBauSQOZqge3ftTJiSRQSVHsSmPerWG7fMUZ41k4CL1cEF_g320u_c3PnZKHo&amp;__tn__=*NK-R\">#pace<\/a> in terre di sfruttamento e di \u201ceterni\u201d conflitti, profondamente segnate da fame, povert\u00e0, violenze. \u00c8 il quarantesimo di papa Francesco, il quarto in Africa, che lo porter\u00e0, fino al 5 febbraio, nella \ud835\udde5\ud835\uddf2\ud835\uddfd\ud835\ude02\ud835\uddef\ud835\uddef\ud835\uddf9\ud835\uddf6\ud835\uddf0\ud835\uddee \ud835\uddd7\ud835\uddf2\ud835\uddfa\ud835\uddfc\ud835\uddf0\ud835\uddff\ud835\uddee\ud835\ude01\ud835\uddf6\ud835\uddf0\ud835\uddee \ud835\uddf1\ud835\uddf2\ud835\uddf9 \ud835\uddd6\ud835\uddfc\ud835\uddfb\ud835\uddf4\ud835\uddfc e nel giovane stato del \ud835\udde6\ud835\ude02\ud835\uddf1 \ud835\udde6\ud835\ude02\ud835\uddf1\ud835\uddee\ud835\uddfb.<\/div>\n<div dir=\"auto\"><\/div>\n<div dir=\"auto\"><span class=\"x3nfvp2 x1j61x8r x1fcty0u xdj266r xhhsvwb xat24cr xgzva0m xxymvpz xlup9mm x1kky2od\"><img loading=\"lazy\" decoding=\"async\" src=\"https:\/\/static.xx.fbcdn.net\/images\/emoji.php\/v9\/tfb\/1\/16\/1f5e3.png\" alt=\"\ud83d\udde3\" width=\"16\" height=\"16\" \/><\/span>\u201c\ud835\udc41\ud835\udc5c\ud835\udc5b \ud835\udc59\ud835\udc4e\ud835\udc60\ud835\udc50\ud835\udc56\ud835\udc4e\ud835\udc61\ud835\udc52\ud835\udc63\ud835\udc56 \ud835\udc5f\ud835\udc62\ud835\udc4f\ud835\udc4e\ud835\udc5f\ud835\udc52 \ud835\udc59\ud835\udc4e \ud835\udc60\ud835\udc5d\ud835\udc52\ud835\udc5f\ud835\udc4e\ud835\udc5b\ud835\udc67\ud835\udc4e!\u201d Le vostre lacrime e preghiere non sono inutili, perch\u00e9 Dio ha per voi \u201cprogetti di pace e non di sventura\u201d. Cos\u00ec ha esortato il papa, nel messaggio pre-partenza, le popolazioni dei due Paesi africani feriti da ingiustizie profonde aggravate dall\u2019 effetto combinato di guerre, alluvioni, aumento dei prezzi, conseguenze durature del COVID19, impatto globale della guerra in Ucraina.<\/div>\n<div dir=\"auto\"><\/div>\n<div dir=\"auto\"><span class=\"x3nfvp2 x1j61x8r x1fcty0u xdj266r xhhsvwb xat24cr xgzva0m xxymvpz xlup9mm x1kky2od\"><img loading=\"lazy\" decoding=\"async\" src=\"https:\/\/static.xx.fbcdn.net\/images\/emoji.php\/v9\/t70\/1\/16\/1f932.png\" alt=\"\ud83e\udd32\" width=\"16\" height=\"16\" \/><\/span>\ud835\uddd6\ud835\uddee\ud835\uddff\ud835\uddf6\ud835\ude01\ud835\uddee\ud835\ude00 \ud835\udddc\ud835\ude01\ud835\uddee\ud835\uddf9\ud835\uddf6\ud835\uddee\ud835\uddfb\ud835\uddee da anni sostiene le popolazioni impoverite e affamate della Repubblica Democratica del Congo e del Sud Sudan.<\/div>\n<div dir=\"auto\"><\/div>\n<div dir=\"auto\"><span class=\"x3nfvp2 x1j61x8r x1fcty0u xdj266r xhhsvwb xat24cr xgzva0m xxymvpz xlup9mm x1kky2od\"><img loading=\"lazy\" decoding=\"async\" src=\"https:\/\/static.xx.fbcdn.net\/images\/emoji.php\/v9\/t50\/1\/16\/2757.png\" alt=\"\u2757\ufe0f\" width=\"16\" height=\"16\" \/><\/span>Ma questo non basta. Abbiamo bisogno della tua consapevolezza, del tuo aiuto, del tuo cambiamento. ORA.<\/div>\n<div dir=\"auto\"><\/div>\n<div dir=\"auto\">\ud835\udde3\ud835\uddee\ud835\uddff\ud835\ude01\ud835\uddf2\ud835\uddf0\ud835\uddf6\ud835\uddfd\ud835\uddee \ud835\uddee\ud835\uddf9\ud835\uddf9\ud835\uddee \ud835\uddf0\ud835\uddee\ud835\uddfa\ud835\uddfd\ud835\uddee\ud835\uddf4\ud835\uddfb\ud835\uddee &#8220;\ud835\uddd4\ud835\uddf3\ud835\uddff\ud835\uddf6\ud835\uddf0\ud835\uddee \ud835\uddd9\ud835\uddee\ud835\uddfa\ud835\uddf2 \ud835\uddf1\ud835\uddf6 \ud835\uddf4\ud835\uddf6\ud835\ude02\ud835\ude00\ud835\ude01\ud835\uddf6\ud835\ude07\ud835\uddf6\ud835\uddee&#8221;: clicca\u00a0<strong><a href=\"https:\/\/www.caritas.it\/africa-fame-di-giustizia-la-campagna-caritas-in-risposta-alla-crisi-alimentare\/?fbclid=IwAR33DApl4MsQ0815AsbhuoJ87jPxicMXOVfu_T4SHMG-VqUSS0sQmyE39Oc\" target=\"_blank\" rel=\"noopener\">qui<\/a>!<\/strong><\/div>\n<div dir=\"auto\"><\/div>\n<div dir=\"auto\"><\/div>\n","protected":false},"excerpt":{"rendered":"<p>Il \ud835\udfef\ud835\udfed \ud835\uddf4\ud835\uddf2\ud835\uddfb\ud835\uddfb\ud835\uddee\ud835\uddf6\ud835\uddfc inizia il \ud835\ude03\ud835\uddf6\ud835\uddee\ud835\uddf4\ud835\uddf4\ud835\uddf6\ud835\uddfc \ud835\uddf1\ud835\uddf6 \ud835\uddfd\ud835\uddee\ud835\uddfd\ud835\uddee \ud835\uddd9\ud835\uddff\ud835\uddee\ud835\uddfb\ud835\uddf0\ud835\uddf2\ud835\ude00\ud835\uddf0\ud835\uddfc \ud835\uddf6\ud835\uddfb \ud835\uddd4\ud835\uddf3\ud835\uddff\ud835\uddf6\ud835\uddf0\ud835\uddee. Un viaggio all\u2019insegna della #pace in terre di sfruttamento e di \u201ceterni\u201d conflitti, profondamente segnate da fame, povert\u00e0, violenze. \u00c8 il quarantesimo di papa Francesco, il quarto in Africa, che lo porter\u00e0, fino al 5 febbraio, nella \ud835\udde5\ud835\uddf2\ud835\uddfd\ud835\ude02\ud835\uddef\ud835\uddef\ud835\uddf9\ud835\uddf6\ud835\uddf0\ud835\uddee \ud835\uddd7\ud835\uddf2\ud835\uddfa\ud835\uddfc\ud835\uddf0\ud835\uddff\ud835\uddee\ud835\ude01\ud835\uddf6\ud835\uddf0\ud835\uddee \ud835\uddf1\ud835\uddf2\ud835\uddf9 \ud835\uddd6\ud835\uddfc\ud835\uddfb\ud835\uddf4\ud835\uddfc e nel giovane [&hellip;]<\/p>\n","protected":false},"author":0,"featured_media":1101,"comment_status":"closed","ping_status":"open","sticky":false,"template":"","format":"standard","meta":{"_acf_changed":false,"ip_address":"","user_agent":"","level":"","revision":"","cookie_id":"","page_referer":"","html_form":"","footnotes":""},"categories":[65,1,2],"tags":[170,20,168],"class_list":["post-1100","post","type-post","status-publish","format-standard","has-post-thumbnail","hentry","category-caritas-diocesana","category-caritas-italiana","category-notizie","tag-africa","tag-caritas","tag-papa-francesco"],"acf":[],"_links":{"self":[{"href":"https:\/\/www.patriarcatovenezia.it\/caritas\/wp-json\/wp\/v2\/posts\/1100"}],"collection":[{"href":"https:\/\/www.patriarcatovenezia.it\/caritas\/wp-json\/wp\/v2\/posts"}],"about":[{"href":"https:\/\/www.patriarcatovenezia.it\/caritas\/wp-json\/wp\/v2\/types\/post"}],"author":[{"embeddable":true,"href":"https:\/\/www.patriarcatovenezia.it\/caritas\/wp-json\/wp\/v2\/users\/27"}],"replies":[{"embeddable":true,"href":"https:\/\/www.patriarcatovenezia.it\/caritas\/wp-json\/wp\/v2\/comments?post=1100"}],"version-history":[{"count":2,"href":"https:\/\/www.patriarcatovenezia.it\/caritas\/wp-json\/wp\/v2\/posts\/1100\/revisions"}],"predecessor-version":[{"id":1103,"href":"https:\/\/www.patriarcatovenezia.it\/caritas\/wp-json\/wp\/v2\/posts\/1100\/revisions\/1103"}],"wp:featuredmedia":[{"embeddable":true,"href":"https:\/\/www.patriarcatovenezia.it\/caritas\/wp-json\/wp\/v2\/media\/1101"}],"wp:attachment":[{"href":"https:\/\/www.patriarcatovenezia.it\/caritas\/wp-json\/wp\/v2\/media?parent=1100"}],"wp:term":[{"taxonomy":"category","embeddable":true,"href":"https:\/\/www.patriarcatovenezia.it\/caritas\/wp-json\/wp\/v2\/categories?post=1100"},{"taxonomy":"post_tag","embeddable":true,"href":"https:\/\/www.patriarcatovenezia.it\/caritas\/wp-json\/wp\/v2\/tags?post=1100"}],"curies":[{"name":"wp","href":"https:\/\/api.w.org\/{rel}","templated":true}]}}