{"id":1032,"date":"2023-01-17T10:57:45","date_gmt":"2023-01-17T09:57:45","guid":{"rendered":"https:\/\/venezia.webdiocesi.it\/caritas\/?p=1032"},"modified":"2024-09-17T10:02:59","modified_gmt":"2024-09-17T08:02:59","slug":"osservatorio-delle-poverta-2021-2022","status":"publish","type":"post","link":"https:\/\/www.patriarcatovenezia.it\/caritas\/2023\/01\/17\/osservatorio-delle-poverta-2021-2022\/","title":{"rendered":"Osservatorio delle Povert\u00e0 2021-2022"},"content":{"rendered":"<p>Nel presentare la seconda edizione del Rapporto dell\u2019Osservatorio Diocesano sulle povert\u00e0, concernente le realizzazioni e gli interventi Caritas per l\u2019anno 2021, occorre primariamente sottolineare la criticit\u00e0 delle situazioni umane e sociali in relazione alle quali Caritas sta concretamente operando. Alle ormai pluriennali difficolt\u00e0 connesse con la crisi COVID19, si sono aggiunti i venti di guerra ormai internazionalmente diffusi, le criticit\u00e0 occupazionali e lavorative delle persone, il radicarsi di fenomeni di marginalizzazione sociale, le violenze di genere, i problemi ecologici. Questo elenco non vuole per\u00f2 essere una\u00a0spinta verso il pessimismo e la perdita di speranza per la costruzione di un futuro realmente e solidalmente umano e sostenibile. Nel recentissimo Congresso Nazionale di Caritas Italiana, in relazione ai tre temi cardine proposti da Papa Francesco per l\u2019azione avvenire di Caritas, ovvero la priorit\u00e0 degli ultimi, la centralit\u00e0 del messaggio evangelico e la creativit\u00e0 nella carit\u00e0, sono emerse proposte, stimoli, esperienze veramente significative ed incoraggianti, che hanno in particolare visto l\u2019impegno e l\u2019azione di molti giovani.<\/p>\n<p>Contro i quadri cupi provenienti da tanti messaggeri di disperazione, emerge sempre pi\u00f9 la freschezza e la vivacit\u00e0 del Vangelo e della proposta cristiana di impegno e donazione, che frantuma ogni barriera e muro ideologico, edonistico e consumistico, aprendo le porte a Cristo Signore che appare sempre pi\u00f9 come l\u2019unico Salvatore per l\u2019umanit\u00e0 ed il creato. L\u2019opzione del Vangelo e della carit\u00e0 attiva non risulta pertanto una mera alternativa filantropica in mezzo a tante altre, ma quella effettivamente concreta e vivificante per l\u2019umanit\u00e0 e per ogni uomo, l\u2019unica in grado di offrire una reale alternativa salvifica al male presente nelle sue varie forme. Per tutti questi motivi, Caritas Veneziana intende promuovere per il futuro con sempre maggior forza ed impegno, la missionariet\u00e0 della Carit\u00e0 come momento vocazionale per tutte le nostre comunit\u00e0 pastorali. Ciascuno di noi ha una vocazione, ogni persona \u00e8 stata pensata e voluta dal Signore per realizzare il Suo disegno di salvezza. Da qui la responsabilit\u00e0 di scoprire questa vocazione nella\u00a0famiglia, nella societ\u00e0, nella Chiesa. Pu\u00f2 sembrare paradossale, ma \u00e8\u00a0proprio e solo attraverso la carit\u00e0 che scopriamo di essere fratelli, di condividere lo stesso destino, di essere interdipendenti. La guerra \u00e8 la negazione assoluta della carit\u00e0, \u00e8 l\u2019idolatria del nulla, l\u2019azzeramento della relazionalit\u00e0.<\/p>\n<p style=\"text-align: right;\"><em>Diacono Stefano Enzo<\/em><br \/>\n<em>Direttore Caritas Veneziana<\/em><\/p>\n<p><strong>PER CONSULTAZIONE:<\/strong><\/p>\n","protected":false},"excerpt":{"rendered":"<p>Nel presentare la seconda edizione del Rapporto dell\u2019Osservatorio Diocesano sulle povert\u00e0, concernente le realizzazioni e gli interventi Caritas per l\u2019anno 2021, occorre primariamente sottolineare la criticit\u00e0 delle situazioni umane e sociali in relazione alle quali Caritas sta concretamente operando. Alle ormai pluriennali difficolt\u00e0 connesse con la crisi COVID19, si sono aggiunti i venti di guerra [&hellip;]<\/p>\n","protected":false},"author":0,"featured_media":1038,"comment_status":"closed","ping_status":"open","sticky":false,"template":"","format":"standard","meta":{"_acf_changed":false,"ip_address":"","user_agent":"","level":"","revision":"","cookie_id":"","page_referer":"","html_form":"","footnotes":""},"categories":[65,2],"tags":[20,83,60],"class_list":["post-1032","post","type-post","status-publish","format-standard","has-post-thumbnail","hentry","category-caritas-diocesana","category-notizie","tag-caritas","tag-osservatorio","tag-poverta"],"acf":[],"_links":{"self":[{"href":"https:\/\/www.patriarcatovenezia.it\/caritas\/wp-json\/wp\/v2\/posts\/1032"}],"collection":[{"href":"https:\/\/www.patriarcatovenezia.it\/caritas\/wp-json\/wp\/v2\/posts"}],"about":[{"href":"https:\/\/www.patriarcatovenezia.it\/caritas\/wp-json\/wp\/v2\/types\/post"}],"author":[{"embeddable":true,"href":"https:\/\/www.patriarcatovenezia.it\/caritas\/wp-json\/wp\/v2\/users\/27"}],"replies":[{"embeddable":true,"href":"https:\/\/www.patriarcatovenezia.it\/caritas\/wp-json\/wp\/v2\/comments?post=1032"}],"version-history":[{"count":3,"href":"https:\/\/www.patriarcatovenezia.it\/caritas\/wp-json\/wp\/v2\/posts\/1032\/revisions"}],"predecessor-version":[{"id":1789,"href":"https:\/\/www.patriarcatovenezia.it\/caritas\/wp-json\/wp\/v2\/posts\/1032\/revisions\/1789"}],"wp:featuredmedia":[{"embeddable":true,"href":"https:\/\/www.patriarcatovenezia.it\/caritas\/wp-json\/wp\/v2\/media\/1038"}],"wp:attachment":[{"href":"https:\/\/www.patriarcatovenezia.it\/caritas\/wp-json\/wp\/v2\/media?parent=1032"}],"wp:term":[{"taxonomy":"category","embeddable":true,"href":"https:\/\/www.patriarcatovenezia.it\/caritas\/wp-json\/wp\/v2\/categories?post=1032"},{"taxonomy":"post_tag","embeddable":true,"href":"https:\/\/www.patriarcatovenezia.it\/caritas\/wp-json\/wp\/v2\/tags?post=1032"}],"curies":[{"name":"wp","href":"https:\/\/api.w.org\/{rel}","templated":true}]}}